{"id":122936,"date":"2025-10-23T11:19:11","date_gmt":"2025-10-23T11:19:11","guid":{"rendered":"https:\/\/www.europesays.com\/pt\/122936\/"},"modified":"2025-10-23T11:19:11","modified_gmt":"2025-10-23T11:19:11","slug":"correu-postou-habito-estimula-criacao-de-estudios-fotograficos-ao-ar-livre-na-beira-mar-negocios","status":"publish","type":"post","link":"https:\/\/www.europesays.com\/pt\/122936\/","title":{"rendered":"\u201cCorreu, postou\u201d: h\u00e1bito estimula cria\u00e7\u00e3o de est\u00fadios fotogr\u00e1ficos ao ar livre na Beira-Mar &#8211; Neg\u00f3cios"},"content":{"rendered":"<p>O mercado fitness de Fortaleza est\u00e1 cada dia mais aquecido. Com as redes sociais e a necessidade das pessoas de performarem na internet, empreendedores est\u00e3o pegando o embalo para investir em servi\u00e7os de audiovisual.<\/p>\n<p>Uma das novidades \u00e9 transformar a Beira-Mar em<strong> pequenos est\u00fadios de fotografia<\/strong> para quem deseja tirar fotos ou fazer v\u00eddeos praticando algum exerc\u00edcio f\u00edsico.\u00a0<\/p>\n<p>Todos os fins de semana, das 5h30 \u00e0s 8h30, a <strong>avenida Beira-Mar<\/strong>, em <a href=\"https:\/\/diariodonordeste.verdesmares.com.br\/opiniao\/colunistas\/ingrid-coelho\/fortaleza-aposta-no-turismo-wellness-para-atrair-mais-visitantes-em-2026-entenda-1.3698536\" target=\"_blank\" rel=\"nofollow noopener\"><strong>Fortaleza<\/strong><\/a>, \u00e9 tomada por <a href=\"https:\/\/diariodonordeste.verdesmares.com.br\/ceara\/evandro-leitao-anuncia-primeira-maratona-internacional-de-fortaleza-saiba-quando-1.3639514\" target=\"_blank\" rel=\"nofollow noopener\"><strong>atletas profissionais<\/strong><\/a> e amadores, al\u00e9m de amantes de uma boa caminhada com os seus animais ou somente para contemplar a paisagem.<\/p>\n<p>\u00c9 neste lugar que o casal Fabio Rodrigues e Ana Cec\u00edlia Alencar garante uma <strong>renda extra<\/strong> que representa <strong>30% do or\u00e7amento<\/strong> familiar, buscando capturar os melhores momentos dos usu\u00e1rios do espa\u00e7o.<\/p>\n<p>Buscando inovar e se destacar nesse mercado, eles tiveram a ideia de montar um est\u00fadio que tem como pano de fundo um dos principais cart\u00f5es-postais do Cear\u00e1: o nascer do sol visto do Espig\u00e3o do N\u00e1utico, no bairro Meireles.<\/p>\n<p>As imagens podem ser adquiridas a partir de R$ 12,90, mas h\u00e1 pacotes para clientes mais ass\u00edduos, e at\u00e9 novos produtos derivados do servi\u00e7o est\u00e3o surgindo. Tudo com a inten\u00e7\u00e3o de fidelizar os clientes.<\/p>\n<p>O casal de fot\u00f3grafos j\u00e1 atuava em eventos e fazia fotos de paisagens quando viu a oportunidade de mercado no esporte. A Beira-Mar foi o local ideal, com paisagem bonita e grande volume de praticantes.<\/p>\n<blockquote class=\"blockquote border-accent not-italic\">\n<p>\n\t\t\tA gente come\u00e7ou a ter acesso a essas plataformas que colocavam as fotos dos esportistas, dos corredores. Ent\u00e3o, apareceu essa demanda e a gente foi para a Beira-Mar fotografar no melhor cen\u00e1rio de Fortaleza&#8221;.\n\t\t<\/p>\n<p>\t\t\t\t<b class=\"text-accent\"><br \/>\n\t\t\t\t\tFabio Rodrigues<br \/>\n\t\t\t\t<\/b><\/p>\n<p>\n\t\t\t\t\t\tmecatr\u00f4nico e fot\u00f3grafo\n\t\t\t\t\t<\/p>\n<\/blockquote>\n<p>Tanto Fabio, 45 anos, quanto Ana Cec\u00edlia, 43 anos, possuem outras profiss\u00f5es que s\u00e3o a renda principal da fam\u00edlia. Ele \u00e9 mecatr\u00f4nico em uma ind\u00fastria aliment\u00edcia, e ela, professora de Hist\u00f3ria. Assim, a fotografia ainda \u00e9 apenas uma renda extra e um ponto de investimento. Por\u00e9m, para Cec\u00edlia, \u00e9 uma oportunidade de crescimento e tem potencial de se tornar a renda principal.<\/p>\n<p>Para entrar no mercado, eles afirmam que investiram em equipamentos, como c\u00e2mera, lentes e luzes. O casal tamb\u00e9m teve que pagar o seguro dos equipamentos, uma vez que trabalham na rua e precisam se deslocar. Por isso, eles refor\u00e7am que todo esse esfor\u00e7o s\u00f3 foi poss\u00edvel por terem outras rendas.<\/p>\n<p>\n\t\t<img decoding=\"async\" alt=\"Mulher em pose de espacate.\" src=\"https:\/\/www.europesays.com\/pt\/wp-content\/uploads\/2025\/10\/atleta-na-beira-mar.jpg\" loading=\"lazy\" width=\"1280\" height=\"853\"\/><\/p>\n<p>\n\t\t\t\tLegenda:<br \/>\n\t\t\t\t Atletas profissionais e amadores aproveitam o servi\u00e7o para ter cliques diferentes de suas performances.\n\t\t\t<\/p>\n<p>\n\t\t\t\tFoto:<br \/>\n\t\t\t\t Fabio Rodrigues\n\t\t\t<\/p>\n<\/p>\n<p><strong>Demanda aumenta no fim de semana\u00a0<\/strong><\/p>\n<p>Segundo Fabio, a ideia surgiu de corredores e alguns deles s\u00e3o seus clientes atualmente. Ele explica que atende pessoas que est\u00e3o passeando com seu cachorro e querem registrar o momento.<\/p>\n<p>Praticantes de outros esportes, como os aqu\u00e1ticos, ao sair do mar, d\u00e3o uma passada no est\u00fadio, al\u00e9m dos praticantes de caminhada e at\u00e9 turistas que acordam cedo para ver o nascer do sol e aproveitam para registrar a experi\u00eancia.<\/p>\n<p>O fot\u00f3grafo tamb\u00e9m revela que o trabalho tem atra\u00eddo pequenos empreendedores. Eles s\u00e3o do segmento da moda fitness e de outros produtos relacionados ao bem-estar e \u00e0 vida saud\u00e1vel, como alimentos e bebidas. Estes empreendedores procuram os fot\u00f3grafos para produ\u00e7\u00e3o de fotos profissionais para divulga\u00e7\u00e3o do neg\u00f3cio.<\/p>\n<blockquote class=\"blockquote border-accent not-italic\">\n<p>\n\t\t\t&#8220;Eles preferem fazer ali por conta do custo. Se fossem pagar um fot\u00f3grafo para uma sess\u00e3o de fotos exclusiva, provavelmente sairia bem caro. Ent\u00e3o, como a gente j\u00e1 est\u00e1 ali e cobra sempre o mesmo valor, atende a pessoa rapidinho, em poucos minutos a pessoa tem as fotos para colocar na rede social e divulgar o produto dela&#8221;, revela Fabio.\n\t\t<\/p>\n<\/blockquote>\n<p><strong>O que est\u00e1 por tr\u00e1s dessa demanda\u00a0<\/strong><\/p>\n<p>Os profissionais encaram sua atividade como uma forma de oferecer uma experi\u00eancia diferenciada, em que o est\u00fadio n\u00e3o tem paredes e o cen\u00e1rio natural, o amanhecer visto do Espig\u00e3o do N\u00e1utico, \u00e9 o grande diferencial do trabalho.<\/p>\n<p>Eles contam que muitos corredores e praticantes de atividades na Beira-Mar ficam curiosos com a pequena estrutura montada e acabam se permitindo fazer um miniensaio.<\/p>\n<p>&#8220;\u00c0s vezes, a foto marca a comemora\u00e7\u00e3o de um anivers\u00e1rio, de um casamento ou de um recorde pessoal alcan\u00e7ado naquele dia&#8221;, observa. Cec\u00edlia explica que, a partir dessas hist\u00f3rias, eles conversam com os clientes para encontrar a melhor forma de registrar cada momento \u00fanico, o que contribui para a fideliza\u00e7\u00e3o.<\/p>\n<p>D\u00e9bora Lobo, 27 anos, \u00e9 empreendedora e come\u00e7ou a caminhar aos 15. O h\u00e1bito evoluiu para a corrida, que hoje faz parte do seu estilo de vida. Atualmente, ela acorda todos os dias \u00e0s 4h para treinar na Beira-Mar.<\/p>\n<p>&#8220;Hoje, para mim, \u00e9 mais que um hobby, \u00e9 meu estilo de vida. \u00c9 uma coisa onde me encontro&#8221;, relata.\u00a0<\/p>\n<p>\n\t\t<img decoding=\"async\" alt=\"Jovem de cabelo comprido preto, preso em rabo de cavalo, com top branco e short vermelho, correndo em um espig\u00e3o da Beira Mar de Fortaleza.\" src=\"https:\/\/www.europesays.com\/pt\/wp-content\/uploads\/2025\/10\/Debora-Lobo.jpg\" loading=\"lazy\" width=\"853\" height=\"1280\"\/><\/p>\n<p>\n\t\t\t\tLegenda:<br \/>\n\t\t\t\t D\u00e9bora Lobo gosta de ter o seu esfor\u00e7o eternizado nas imagens\n\t\t\t<\/p>\n<p>\n\t\t\t\tFoto:<br \/>\n\t\t\t\t Fabio Rodrigues\n\t\t\t<\/p>\n<\/p>\n<p>Por conta disso, D\u00e9bora revela que o trabalho dos fot\u00f3grafos acaba tornando o seu esfor\u00e7o em um &#8220;momento m\u00e1gico&#8221;.<\/p>\n<blockquote class=\"blockquote border-accent not-italic\">\n<p>\n\t\t\t&#8220;J\u00e1 termino a corrida e falo assim: vou l\u00e1 no Fabio e na Cec\u00edlia para eles registrarem esse momento. O trabalho deles vai al\u00e9m de uma fotografia, mostra a energia do momento&#8221;.\n\t\t<\/p>\n<\/blockquote>\n<p>Rilke Costa, 48 anos, fonoaudi\u00f3logo, j\u00e1 corre h\u00e1 18 anos. Como a sua rotina de atividade f\u00edsica mudou bastante nos \u00faltimos anos, ele comenta que o progresso tem feito muito bem \u00e0 sua sa\u00fade mental, f\u00edsica e para a quest\u00e3o de autoestima.<\/p>\n<p>&#8220;E venho observando que, nos \u00faltimos anos, a presen\u00e7a desses profissionais que fazem as imagens do pessoal que est\u00e1 correndo, pedalando, tem sido muito importante, porque faz o registro do nosso progresso, acaba nos dando mais motiva\u00e7\u00e3o e tamb\u00e9m inspirando outras pessoas&#8221;, revela.<\/p>\n<p>\n\t\t<img decoding=\"async\" alt=\"Homem de camiseta azul e bermuda preta correndo em uma \u00e1rea de beira mar.\" src=\"https:\/\/www.europesays.com\/pt\/wp-content\/uploads\/2025\/10\/Rilke-Costa.jpg\" loading=\"lazy\" width=\"853\" height=\"1280\"\/><\/p>\n<p>\n\t\t\t\tLegenda:<br \/>\n\t\t\t\t Rilke Costa, 48 anos, usa as imagens feitas para acompanhar o seu desenvolvimento como atleta amador.\n\t\t\t<\/p>\n<p>\n\t\t\t\tFoto:<br \/>\n\t\t\t\t Fabio Rodrigues\n\t\t\t<\/p>\n<\/p>\n<p>Por conta da sua satisfa\u00e7\u00e3o com o trabalho dos fot\u00f3grafos, ele deixa a dica para quem gosta de fazer atividade f\u00edsica: fazer os registros para acompanhar a evolu\u00e7\u00e3o e inspirar outras pessoas a ter uma vida saud\u00e1vel.\u00a0<\/p>\n<p>Renda extra com foco no futuro<\/p>\n<p>Fabio afirma que, mesmo n\u00e3o sendo a principal fonte de renda, o casal est\u00e1 sempre se reinventando para atrair e fidelizar mais pessoas. Ele destaca que a divulga\u00e7\u00e3o boca a boca e as postagens de clientes satisfeitos s\u00e3o as melhores formas de alcan\u00e7ar novos p\u00fablicos.<\/p>\n<p>Enquanto Fabio cuida dos cliques com flash, t\u00e9cnica que segundo ele real\u00e7a a defini\u00e7\u00e3o dos m\u00fasculos e d\u00e1 leveza \u00e0 pele, Cec\u00edlia fotografa com luz natural, oferecendo diferentes possibilidades aos clientes.<\/p>\n<p>Cec\u00edlia conta que, por enquanto, todo o dinheiro que o casal ganha com a fotografia \u00e9 reinvestido no pr\u00f3prio neg\u00f3cio. Al\u00e9m de adquirir novos equipamentos, eles tamb\u00e9m investem em forma\u00e7\u00e3o, j\u00e1 que ambos est\u00e3o cursando gradua\u00e7\u00e3o em fotografia.<\/p>\n<p>\n\t\t<img decoding=\"async\" alt=\"Fot\u00f3grafa mulher faz pose em pulo.\" src=\"https:\/\/www.europesays.com\/pt\/wp-content\/uploads\/2025\/10\/Ana-Cecilia-Alencar.jpg\" loading=\"lazy\" width=\"853\" height=\"1280\"\/><\/p>\n<p>\n\t\t\t\tLegenda:<br \/>\n\t\t\t\t Ana Cec\u00edlia Alencar trabalha com o marido Fabio Rodrigues na captura de momentos e busca que essa atividade vire sua renda principal.\n\t\t\t<\/p>\n<p>\n\t\t\t\tFoto:<br \/>\n\t\t\t\t Fabio Rodrigues\n\t\t\t<\/p>\n<\/p>\n<p>Com o objetivo de manter pre\u00e7os acess\u00edveis e competitivos, a dupla cobra R$ 12,90, valor semelhante ao praticado por outros profissionais no local. Segundo eles, o retorno financeiro vem pelo volume de vendas.<\/p>\n<p>Al\u00e9m dos arquivos digitais das fotos escolhidas, os clientes agora podem adquirir um novo produto, o quadro impresso. Para estimular ainda mais os cliques, o casal oferece pacotes promocionais com descontos progressivos a partir de duas fotos, al\u00e9m de op\u00e7\u00f5es mensais.<\/p>\n<p>\u00a0<\/p>\n","protected":false},"excerpt":{"rendered":"O mercado fitness de Fortaleza est\u00e1 cada dia mais aquecido. Com as redes sociais e a necessidade das&hellip;\n","protected":false},"author":2,"featured_media":122937,"comment_status":"","ping_status":"","sticky":false,"template":"","format":"standard","meta":{"footnotes":""},"categories":[144],"tags":[207,205,206,203,201,202,204,476,114,115,28444,32,33],"class_list":{"0":"post-122936","1":"post","2":"type-post","3":"status-publish","4":"format-standard","5":"has-post-thumbnail","7":"category-arte-e-design","8":"tag-arte","9":"tag-arte-e-design","10":"tag-artedesign","11":"tag-arts","12":"tag-arts-and-design","13":"tag-artsanddesign","14":"tag-design","15":"tag-economia","16":"tag-entertainment","17":"tag-entretenimento","18":"tag-paloma-vargas","19":"tag-portugal","20":"tag-pt"},"share_on_mastodon":{"url":"https:\/\/pubeurope.com\/@pt\/115423213532281087","error":""},"_links":{"self":[{"href":"https:\/\/www.europesays.com\/pt\/wp-json\/wp\/v2\/posts\/122936","targetHints":{"allow":["GET"]}}],"collection":[{"href":"https:\/\/www.europesays.com\/pt\/wp-json\/wp\/v2\/posts"}],"about":[{"href":"https:\/\/www.europesays.com\/pt\/wp-json\/wp\/v2\/types\/post"}],"author":[{"embeddable":true,"href":"https:\/\/www.europesays.com\/pt\/wp-json\/wp\/v2\/users\/2"}],"replies":[{"embeddable":true,"href":"https:\/\/www.europesays.com\/pt\/wp-json\/wp\/v2\/comments?post=122936"}],"version-history":[{"count":0,"href":"https:\/\/www.europesays.com\/pt\/wp-json\/wp\/v2\/posts\/122936\/revisions"}],"wp:featuredmedia":[{"embeddable":true,"href":"https:\/\/www.europesays.com\/pt\/wp-json\/wp\/v2\/media\/122937"}],"wp:attachment":[{"href":"https:\/\/www.europesays.com\/pt\/wp-json\/wp\/v2\/media?parent=122936"}],"wp:term":[{"taxonomy":"category","embeddable":true,"href":"https:\/\/www.europesays.com\/pt\/wp-json\/wp\/v2\/categories?post=122936"},{"taxonomy":"post_tag","embeddable":true,"href":"https:\/\/www.europesays.com\/pt\/wp-json\/wp\/v2\/tags?post=122936"}],"curies":[{"name":"wp","href":"https:\/\/api.w.org\/{rel}","templated":true}]}}