{"id":122938,"date":"2025-10-23T11:20:08","date_gmt":"2025-10-23T11:20:08","guid":{"rendered":"https:\/\/www.europesays.com\/pt\/122938\/"},"modified":"2025-10-23T11:20:08","modified_gmt":"2025-10-23T11:20:08","slug":"porto-editora-lanca-colecao-de-citacoes-de-grandes-autores-portugueses","status":"publish","type":"post","link":"https:\/\/www.europesays.com\/pt\/122938\/","title":{"rendered":"Porto Editora lan\u00e7a cole\u00e7\u00e3o de cita\u00e7\u00f5es de grandes autores portugueses"},"content":{"rendered":"<p><strong>Acompanhe toda a atualidade informativa em\u00a0<a href=\"https:\/\/24noticias.sapo.pt\/\" target=\"_blank\" rel=\"noreferrer noopener nofollow\">24noticias.sapo.pt<\/a><\/strong><\/p>\n<p>A iniciativa pretende aproximar os leitores das palavras que marcaram a escrita nacional, em edi\u00e7\u00f5es pr\u00e1ticas, ideais para ter sempre \u00e0 m\u00e3o ou oferecer em momentos especiais.<\/p>\n<p>A cole\u00e7\u00e3o chegou \u00e0s livrarias a 16 de outubro, com o lan\u00e7amento simult\u00e2neo de dois primeiros volumes: <a href=\"https:\/\/www.portoeditora.pt\/produtos\/ficha\/fernando-pessoa-disse\/30802780\" target=\"_blank\" rel=\"noreferrer noopener nofollow\">Fernando Pessoa Disse<\/a> e <a href=\"https:\/\/www.portoeditora.pt\/produtos\/ficha\/luis-de-camoes-disse\/30802782\" target=\"_blank\" rel=\"noreferrer noopener nofollow\">Lu\u00eds de Cam\u00f5es Disse<\/a>. Cada exemplar prop\u00f5e uma sele\u00e7\u00e3o cuidada de frases e versos emblem\u00e1ticos dos autores, escolhidos por Daniela Pinheiro.<\/p>\n<p>Segundo a editora, a cole\u00e7\u00e3o Disse procura responder \u00e0 vontade dos leitores de relembrar e partilhar as palavras de escritores que admiram, oferecendo uma forma simb\u00f3lica, mas significativa, de celebrar a literatura portuguesa.<\/p>\n<p>__<\/p>\n<p><b id=\"s-b-embed-68\" data-stringify-type=\"bold\">A sua newsletter de sempre, agora ainda mais \u00fatil<\/b><\/p>\n<p>Com o lan\u00e7amento da nova marca de informa\u00e7\u00e3o\u00a0<b>24not\u00edcias<\/b>, estamos a mudar a plataforma de newsletters, aproveitando para refor\u00e7ar a informa\u00e7\u00e3o que os leitores mais valorizam:\u00a0<b>a que lhes \u00e9 \u00fatil, ajuda a tomar decis\u00f5es e a entender o mundo.<\/b><\/p>\n<p><b>Assine a nova newsletter do 24not\u00edcias\u00a0<\/b><b><a href=\"https:\/\/sapo.us1.list-manage.com\/subscribe?u=8f49263740b14ab5854be8045&amp;id=57a39c5e8f\" target=\"_blank\" id=\"s-a-embed-68\" rel=\"noreferrer noopener nofollow\" data-stringify-link=\"https:\/\/sapo.us1.list-manage.com\/subscribe?u=8f49263740b14ab5854be8045&amp;id=57a39c5e8f\" data-sk=\"tooltip_parent\">aqui<\/a><\/b><b>.<\/b><\/p>\n","protected":false},"excerpt":{"rendered":"Acompanhe toda a atualidade informativa em\u00a024noticias.sapo.pt A iniciativa pretende aproximar os leitores das palavras que marcaram a escrita&hellip;\n","protected":false},"author":2,"featured_media":122939,"comment_status":"","ping_status":"","sticky":false,"template":"","format":"standard","meta":{"footnotes":""},"categories":[143],"tags":[169,114,115,170,32,33],"class_list":{"0":"post-122938","1":"post","2":"type-post","3":"status-publish","4":"format-standard","5":"has-post-thumbnail","7":"category-livros","8":"tag-books","9":"tag-entertainment","10":"tag-entretenimento","11":"tag-livros","12":"tag-portugal","13":"tag-pt"},"share_on_mastodon":{"url":"https:\/\/pubeurope.com\/@pt\/115423217145907102","error":""},"_links":{"self":[{"href":"https:\/\/www.europesays.com\/pt\/wp-json\/wp\/v2\/posts\/122938","targetHints":{"allow":["GET"]}}],"collection":[{"href":"https:\/\/www.europesays.com\/pt\/wp-json\/wp\/v2\/posts"}],"about":[{"href":"https:\/\/www.europesays.com\/pt\/wp-json\/wp\/v2\/types\/post"}],"author":[{"embeddable":true,"href":"https:\/\/www.europesays.com\/pt\/wp-json\/wp\/v2\/users\/2"}],"replies":[{"embeddable":true,"href":"https:\/\/www.europesays.com\/pt\/wp-json\/wp\/v2\/comments?post=122938"}],"version-history":[{"count":0,"href":"https:\/\/www.europesays.com\/pt\/wp-json\/wp\/v2\/posts\/122938\/revisions"}],"wp:featuredmedia":[{"embeddable":true,"href":"https:\/\/www.europesays.com\/pt\/wp-json\/wp\/v2\/media\/122939"}],"wp:attachment":[{"href":"https:\/\/www.europesays.com\/pt\/wp-json\/wp\/v2\/media?parent=122938"}],"wp:term":[{"taxonomy":"category","embeddable":true,"href":"https:\/\/www.europesays.com\/pt\/wp-json\/wp\/v2\/categories?post=122938"},{"taxonomy":"post_tag","embeddable":true,"href":"https:\/\/www.europesays.com\/pt\/wp-json\/wp\/v2\/tags?post=122938"}],"curies":[{"name":"wp","href":"https:\/\/api.w.org\/{rel}","templated":true}]}}