{"id":122942,"date":"2025-10-23T11:23:20","date_gmt":"2025-10-23T11:23:20","guid":{"rendered":"https:\/\/www.europesays.com\/pt\/122942\/"},"modified":"2025-10-23T11:23:20","modified_gmt":"2025-10-23T11:23:20","slug":"no-dia-de-regresso-ao-futuro-o-filme-volta-aos-cinemas","status":"publish","type":"post","link":"https:\/\/www.europesays.com\/pt\/122942\/","title":{"rendered":"No dia de &#8220;Regresso ao Futuro&#8221;, o filme volta aos cinemas"},"content":{"rendered":"<p>Em Portugal, como um pouco por todo o mundo, a Universal Pictures decidiu celebrar o 40\u00ba anivers\u00e1rio de &#8220;Regresso ao Futuro&#8221; com sess\u00f5es especiais nesta ter\u00e7a-feira, dia 21 de outubro, precisamente a data em que Marty e Doc s\u00e3o projetados no tempo.<\/p>\n<p data-remotead-prev-elm=\"true\" data-remotead-elm-id=\"inread\">Este dia, aquele a que Marty McFly chega (em 2015) na sua M\u00e1quina do tempo DeLorean, no in\u00edcio de &#8220;Regresso ao Futuro 2&#8221;, \u00e9 sempre alvo de festas e eventos tem\u00e1ticos a cada ano &#8211; h\u00e1 dez anos a festa foi ainda maior, quando o futuro passou a ser presente&#8230;<\/p>\n<p>Agora, em 2025, em que est\u00e1 prevista uma reedi\u00e7\u00e3o do filme melhorada, tamb\u00e9m este &#8220;regresso&#8221; entra no programa, com as sess\u00f5es de dia 21 anunciadas, que em v\u00e1rias salas incluem m\u00fasica e surpresas&#8230;<\/p>\n<p data-remotead-prev-elm=\"true\" data-remotead-elm-id=\"centro1\">Segundo a Universal Pictures, o filme regressa remasterizado a todos os cinemas nacionais e tamb\u00e9m em IMAX a 30 de outubro, n\u00e3o sendo ainda conhecidos mais detalhes ou as salas.<\/p>\n<p>O cl\u00e1ssico acompanha Marty McFly, um adolescente acidentalmente enviado para 1955, interrompendo o primeiro encontro dos pais e atraindo o interesse rom\u00e2ntico da m\u00e3e. Marty tem de reparar os danos causados \u00e0 hist\u00f3ria reacendendo o romance dos seus pais e &#8211; com a ajuda do seu exc\u00eantrico amigo inventor Doc Brown &#8211; regressar a 1985.<\/p>\n<p data-remotead-prev-elm=\"true\" data-remotead-elm-id=\"centro2\">Os bilhetes est\u00e3o \u00e0 venda nas plataformas das distribuidoras.<\/p>\n<p>&#8221; style=&#8221;width: 100%; aspect-ratio: 16 \/ 9&#8243;&gt;<\/p>\n","protected":false},"excerpt":{"rendered":"Em Portugal, como um pouco por todo o mundo, a Universal Pictures decidiu celebrar o 40\u00ba anivers\u00e1rio de&hellip;\n","protected":false},"author":2,"featured_media":122943,"comment_status":"","ping_status":"","sticky":false,"template":"","format":"standard","meta":{"footnotes":""},"categories":[140],"tags":[20494,470,114,115,147,148,20493,146,32,33],"class_list":{"0":"post-122942","1":"post","2":"type-post","3":"status-publish","4":"format-standard","5":"has-post-thumbnail","7":"category-filmes","8":"tag-anota-ai","9":"tag-cinema","10":"tag-entertainment","11":"tag-entretenimento","12":"tag-film","13":"tag-filmes","14":"tag-jn-tag","15":"tag-movies","16":"tag-portugal","17":"tag-pt"},"share_on_mastodon":{"url":"https:\/\/pubeurope.com\/@pt\/115423228986701736","error":""},"_links":{"self":[{"href":"https:\/\/www.europesays.com\/pt\/wp-json\/wp\/v2\/posts\/122942","targetHints":{"allow":["GET"]}}],"collection":[{"href":"https:\/\/www.europesays.com\/pt\/wp-json\/wp\/v2\/posts"}],"about":[{"href":"https:\/\/www.europesays.com\/pt\/wp-json\/wp\/v2\/types\/post"}],"author":[{"embeddable":true,"href":"https:\/\/www.europesays.com\/pt\/wp-json\/wp\/v2\/users\/2"}],"replies":[{"embeddable":true,"href":"https:\/\/www.europesays.com\/pt\/wp-json\/wp\/v2\/comments?post=122942"}],"version-history":[{"count":0,"href":"https:\/\/www.europesays.com\/pt\/wp-json\/wp\/v2\/posts\/122942\/revisions"}],"wp:featuredmedia":[{"embeddable":true,"href":"https:\/\/www.europesays.com\/pt\/wp-json\/wp\/v2\/media\/122943"}],"wp:attachment":[{"href":"https:\/\/www.europesays.com\/pt\/wp-json\/wp\/v2\/media?parent=122942"}],"wp:term":[{"taxonomy":"category","embeddable":true,"href":"https:\/\/www.europesays.com\/pt\/wp-json\/wp\/v2\/categories?post=122942"},{"taxonomy":"post_tag","embeddable":true,"href":"https:\/\/www.europesays.com\/pt\/wp-json\/wp\/v2\/tags?post=122942"}],"curies":[{"name":"wp","href":"https:\/\/api.w.org\/{rel}","templated":true}]}}