{"id":122957,"date":"2025-10-23T11:35:17","date_gmt":"2025-10-23T11:35:17","guid":{"rendered":"https:\/\/www.europesays.com\/pt\/122957\/"},"modified":"2025-10-23T11:35:17","modified_gmt":"2025-10-23T11:35:17","slug":"ines-lanca-bomba-concorrente-desconfia-do-segredo-em-comum-de-mariana-e-rui-secret-story","status":"publish","type":"post","link":"https:\/\/www.europesays.com\/pt\/122957\/","title":{"rendered":"In\u00eas lan\u00e7a bomba! Concorrente desconfia do segredo em comum de Mariana e Rui &#8211; Secret Story"},"content":{"rendered":"<p>No Secret Story 9, In\u00eas desconfia que Mariana e Rui t\u00eam um segredo em comum, s\u00f3 n\u00e3o tem a certeza da sua teoria. Recorde-se que os dois s\u00e3o os guardi\u00e3es da Voz. Veja as rea\u00e7\u00f5es.<\/p>\n<p><strong>Esta semana cinco concorrentes est\u00e3o em risco de abandonar a casa mais vigiada do Pa\u00eds. Vote para salvar o seu concorrente favorito:<\/strong><\/p>\n<p>BRUNO \u2013 761 20 20 04<br \/>IN\u00caS \u2013 761 20 20 10<br \/>LILIANA \u2013 761 20 20 14<br \/>MARIANA \u2013 761 20 20 15<br \/>RUI \u2013 761 20 20 19<\/p>\n<p><a href=\"https:\/\/tvi.iol.pt\/secretstory\/aominuto\" rel=\"nofollow noopener\" target=\"_blank\">Acompanhe, ao minuto, tudo o que acontece na casa mais vigiada do Pa\u00eds.<\/a><\/p>\n","protected":false},"excerpt":{"rendered":"No Secret Story 9, In\u00eas desconfia que Mariana e Rui t\u00eam um segredo em comum, s\u00f3 n\u00e3o tem&hellip;\n","protected":false},"author":2,"featured_media":122958,"comment_status":"","ping_status":"","sticky":false,"template":"","format":"standard","meta":{"footnotes":""},"categories":[142],"tags":[114,115,884,19795,32,33,2444,19793,19794,151],"class_list":{"0":"post-122957","1":"post","2":"type-post","3":"status-publish","4":"format-standard","5":"has-post-thumbnail","7":"category-tv","8":"tag-entertainment","9":"tag-entretenimento","10":"tag-mariana","11":"tag-misterios-reality-show-tvi","12":"tag-portugal","13":"tag-pt","14":"tag-rui","15":"tag-segredos-concorrentes","16":"tag-segredos-revelados","17":"tag-tv"},"share_on_mastodon":{"url":"https:\/\/pubeurope.com\/@pt\/115423276177481641","error":""},"_links":{"self":[{"href":"https:\/\/www.europesays.com\/pt\/wp-json\/wp\/v2\/posts\/122957","targetHints":{"allow":["GET"]}}],"collection":[{"href":"https:\/\/www.europesays.com\/pt\/wp-json\/wp\/v2\/posts"}],"about":[{"href":"https:\/\/www.europesays.com\/pt\/wp-json\/wp\/v2\/types\/post"}],"author":[{"embeddable":true,"href":"https:\/\/www.europesays.com\/pt\/wp-json\/wp\/v2\/users\/2"}],"replies":[{"embeddable":true,"href":"https:\/\/www.europesays.com\/pt\/wp-json\/wp\/v2\/comments?post=122957"}],"version-history":[{"count":0,"href":"https:\/\/www.europesays.com\/pt\/wp-json\/wp\/v2\/posts\/122957\/revisions"}],"wp:featuredmedia":[{"embeddable":true,"href":"https:\/\/www.europesays.com\/pt\/wp-json\/wp\/v2\/media\/122958"}],"wp:attachment":[{"href":"https:\/\/www.europesays.com\/pt\/wp-json\/wp\/v2\/media?parent=122957"}],"wp:term":[{"taxonomy":"category","embeddable":true,"href":"https:\/\/www.europesays.com\/pt\/wp-json\/wp\/v2\/categories?post=122957"},{"taxonomy":"post_tag","embeddable":true,"href":"https:\/\/www.europesays.com\/pt\/wp-json\/wp\/v2\/tags?post=122957"}],"curies":[{"name":"wp","href":"https:\/\/api.w.org\/{rel}","templated":true}]}}