{"id":122959,"date":"2025-10-23T11:36:08","date_gmt":"2025-10-23T11:36:08","guid":{"rendered":"https:\/\/www.europesays.com\/pt\/122959\/"},"modified":"2025-10-23T11:36:08","modified_gmt":"2025-10-23T11:36:08","slug":"empresario-potiguar-e-convidado-para-integrar-o-time-de-jurados-da-academia-do-premio-multishow-2025","status":"publish","type":"post","link":"https:\/\/www.europesays.com\/pt\/122959\/","title":{"rendered":"Empres\u00e1rio potiguar \u00e9 convidado para integrar o time de jurados da Academia do Pr\u00eamio Multishow 2025"},"content":{"rendered":"<p>A edi\u00e7\u00e3o 2025 do Pr\u00eamio Multishow ter\u00e1 mais representa\u00e7\u00e3o do Rio Grande do Norte em suas escolhas art\u00edsticas. O produtor cultural e empres\u00e1rio Jarbas Filho foi convidado para integrar o time de jurados da Academia do Pr\u00eamio Multishow 2025, uma das mais importantes celebra\u00e7\u00f5es da m\u00fasica brasileira. A cerim\u00f4nia ser\u00e1 realizada no dia 09 de dezembro, ao vivo, direto do Riocentro, no Rio de Janeiro.<\/p>\n<p>O produtor destacou a import\u00e2ncia de representar o estado em um evento de relev\u00e2ncia nacional. \u201c\u00c9 uma grande honra fazer parte da Academia do Pr\u00eamio Multishow e contribuir com essa celebra\u00e7\u00e3o da m\u00fasica brasileira. Tenho profundo respeito por todos os artistas que constroem nossa cultura e me sinto realizado em poder representar o RN nessa importante premia\u00e7\u00e3o\u201d, declarou.<\/p>\n<p>S\u00e3o duas d\u00e9cadas de atua\u00e7\u00e3o no ramo do entretenimento e produ\u00e7\u00e3o cultural. Jarbas Filho \u00e9 refer\u00eancia na produ\u00e7\u00e3o de grandes eventos, festivais e projetos culturais. \u00c0 frente da produtora Viva Promo\u00e7\u00f5es, j\u00e1 realizou shows de nomes consagrados como Chico Buarque, Marisa Monte, Roberto Carlos, Skank, Tit\u00e3s e Jota Quest, al\u00e9m de festivais que se tornaram parte do calend\u00e1rio cultural potiguar, como Festival MPB84, Pipa MPB Fest e o Festival Hist\u00f3rico de Natal.<\/p>\n<p>O empres\u00e1rio acredita que sua atua\u00e7\u00e3o de 20 anos no mercado cultural vai ajud\u00e1-lo na fun\u00e7\u00e3o de jurado, j\u00e1 que atendeu aos mais diversos segmentos da m\u00fasica. \u201cFui dos eventos infantis at\u00e9 aqueles da \u2018melhor idade\u2019, passando do forr\u00f3 ao MPB, ao trap e m\u00fasica eletr\u00f4nica. Em v\u00e1rias dessas \u00e1reas j\u00e1 tivemos atua\u00e7\u00e3o com shows, festivais, inclusive concursos de m\u00fasica\u201d, diz.<\/p>\n<p>O desafio, para Jarbas, est\u00e1 em se familiarizar com alguns estilos musicais de segmentos que fazem sucesso apenas no sul, centro-oeste e sudeste, distantes da cena nordestina. \u201cExigir\u00e1 muito conhecimento da cena musical em todo o pa\u00eds para que o voto seja consciente e s\u00e1bio, procurando beneficiar, sim, os melhores artistas do ano\u201d, diz.<\/p>\n<p>Entre os shows que produziu e mais marcaram sua trajet\u00f3ria, Jarbas Filho cita os de Roberto Carlos \u2013 que teve a oportunidade de produzir cinco vezes -, Chico Buarque, Marisa Monte, al\u00e9m dos \u00faltimos e hist\u00f3ricos shows de Chiclete com Banana, Rappa, Skank, Natiruts, e Tit\u00e3s. O produtor e empres\u00e1rio recebeu recentemente a Medalha de M\u00e9rito Cultural Djalma Marinho, concedida pelo colunista Toinho Silveira.<\/p>\n<p>A jornalista Cinthia Lopes faz parte do juri h\u00e1 tr\u00eas anos. Ela explica que essa curadoria necessita tanto da pesquisa quanto do olhar mais apurado para a diversidade sonora brasileira. \u201cEnquanto jornalista, contribuir com esse processo de indica\u00e7\u00e3o e vota\u00e7\u00e3o tamb\u00e9m reafirma a import\u00e2ncia do jornalismo cultural na constru\u00e7\u00e3o de um pr\u00eamio mais plural\u201d, afirma.<\/p>\n<p>Uma categoria que ela aprecia, em especial, \u00e9 a indica\u00e7\u00e3o de um talento local. \u00c9 o seu terceiro ano nesse coletivo que re\u00fane profissionais de todo o pa\u00eds, com diferentes trajet\u00f3rias dentro da m\u00fasica e da comunica\u00e7\u00e3o.<\/p>\n","protected":false},"excerpt":{"rendered":"A edi\u00e7\u00e3o 2025 do Pr\u00eamio Multishow ter\u00e1 mais representa\u00e7\u00e3o do Rio Grande do Norte em suas escolhas art\u00edsticas.&hellip;\n","protected":false},"author":2,"featured_media":122960,"comment_status":"","ping_status":"","sticky":false,"template":"","format":"standard","meta":{"footnotes":""},"categories":[141],"tags":[1937,114,115,149,150,32,33],"class_list":{"0":"post-122959","1":"post","2":"type-post","3":"status-publish","4":"format-standard","5":"has-post-thumbnail","7":"category-musica","8":"tag-destaques-3","9":"tag-entertainment","10":"tag-entretenimento","11":"tag-music","12":"tag-musica","13":"tag-portugal","14":"tag-pt"},"share_on_mastodon":{"url":"https:\/\/pubeurope.com\/@pt\/115423280326602075","error":""},"_links":{"self":[{"href":"https:\/\/www.europesays.com\/pt\/wp-json\/wp\/v2\/posts\/122959","targetHints":{"allow":["GET"]}}],"collection":[{"href":"https:\/\/www.europesays.com\/pt\/wp-json\/wp\/v2\/posts"}],"about":[{"href":"https:\/\/www.europesays.com\/pt\/wp-json\/wp\/v2\/types\/post"}],"author":[{"embeddable":true,"href":"https:\/\/www.europesays.com\/pt\/wp-json\/wp\/v2\/users\/2"}],"replies":[{"embeddable":true,"href":"https:\/\/www.europesays.com\/pt\/wp-json\/wp\/v2\/comments?post=122959"}],"version-history":[{"count":0,"href":"https:\/\/www.europesays.com\/pt\/wp-json\/wp\/v2\/posts\/122959\/revisions"}],"wp:featuredmedia":[{"embeddable":true,"href":"https:\/\/www.europesays.com\/pt\/wp-json\/wp\/v2\/media\/122960"}],"wp:attachment":[{"href":"https:\/\/www.europesays.com\/pt\/wp-json\/wp\/v2\/media?parent=122959"}],"wp:term":[{"taxonomy":"category","embeddable":true,"href":"https:\/\/www.europesays.com\/pt\/wp-json\/wp\/v2\/categories?post=122959"},{"taxonomy":"post_tag","embeddable":true,"href":"https:\/\/www.europesays.com\/pt\/wp-json\/wp\/v2\/tags?post=122959"}],"curies":[{"name":"wp","href":"https:\/\/api.w.org\/{rel}","templated":true}]}}