{"id":122961,"date":"2025-10-23T11:37:13","date_gmt":"2025-10-23T11:37:13","guid":{"rendered":"https:\/\/www.europesays.com\/pt\/122961\/"},"modified":"2025-10-23T11:37:13","modified_gmt":"2025-10-23T11:37:13","slug":"o-filme-de-us-1-milhao-que-transformou-tarantino-em-genio-do-cinema","status":"publish","type":"post","link":"https:\/\/www.europesays.com\/pt\/122961\/","title":{"rendered":"O filme de US$ 1 milh\u00e3o que transformou Tarantino em g\u00eanio do cinema"},"content":{"rendered":"<p>Em outubro de 1992, o mundo conhecia um novo nome que mudaria para sempre o cinema: <a href=\"https:\/\/tangerina.uol.com.br\/filmes-series\/quentin-tarantino-revela-motivo-pelo-qual-desistiu-de-ultima-ideia\/\" target=\"_blank\" rel=\"noreferrer noopener nofollow\">Quentin Tarantino<\/a>. Seu primeiro longa, C\u00e3es de Aluguel, estreou h\u00e1 exatos 33 anos nesta quinta-feira (23) e se tornou um marco n\u00e3o apenas por sua viol\u00eancia estilizada e di\u00e1logos afiados, mas tamb\u00e9m por ter sido feito com um or\u00e7amento min\u00fasculo \u2014 apenas US$ 1,2 milh\u00e3o (R$ 6,5 milh\u00f5es) \u2014 e filmado em pouco mais de um m\u00eas.<\/p>\n<p>O longa nasceu de uma ideia simples: mostrar o que acontece antes e depois de um assalto que d\u00e1 errado, sem nunca mostrar o roubo em si. Essa escolha narrativa, al\u00e9m de original, foi essencial para manter os custos baixos. A maior parte da hist\u00f3ria se passa em um \u00fanico galp\u00e3o abandonado, o que reduziu drasticamente os gastos com loca\u00e7\u00f5es e log\u00edstica.<\/p>\n<p>Para um cineasta estreante, Tarantino mostrou uma seguran\u00e7a impressionante. Ele ensaiou o elenco por duas semanas antes das filmagens \u2014 algo raro para uma produ\u00e7\u00e3o independente \u2014 e chegou ao set com tudo milimetricamente planejado. Essa prepara\u00e7\u00e3o garantiu que C\u00e3es de Aluguel fosse rodado em apenas 35 dias, um feito e tanto para um filme de estreia.<\/p>\n<p><img alt=\"Tim Roth em C\u00e3es de Aluguel, filme do Tarantino\" src=\"data:image\/gif;base64,R0lGODlhAQABAIAAAAAAAP\/\/\/yH5BAEAAAAALAAAAAABAAEAAAIBRAA7\" decoding=\"async\" style=\"position:absolute;top:0;left:0;bottom:0;right:0;box-sizing:border-box;padding:0;border:none;margin:auto;display:block;width:0;height:0;min-width:100%;max-width:100%;min-height:100%;max-height:100%\"\/><\/p>\n<p font-weight=\"500\" font-size=\"14px\" class=\"style__Typo-sc-1e1gvva-0 ezCJRb\">Tim Roth em C\u00e3es de Aluguel<\/p>\n<p font-weight=\"300\" font-size=\"14px\" class=\"style__Typo-sc-1e1gvva-0 fvAQOT\">(Foto: Divulga\u00e7\u00e3o\/Miramax)<\/p>\n<p>Tarantino \u00e9 o rei do cinema<\/p>\n<p>O resultado \u00e9 um thriller tenso e minimalista que redefine o conceito de cinema independente. Misturando humor negro, estrutura n\u00e3o linear e viol\u00eancia coreografada, Tarantino transformou limita\u00e7\u00f5es financeiras em estilo autoral. Seu dom\u00ednio da linguagem e das refer\u00eancias pop logo o colocaram entre os diretores mais inovadores dos anos 1990.<\/p>\n<p>Com um elenco afiado \u2014 que inclui Harvey Keitel, Tim Roth, Steve Buscemi e Michael Madsen \u2014, o filme chamou a aten\u00e7\u00e3o no Festival de Sundance e virou um sucesso cult instant\u00e2neo. A recep\u00e7\u00e3o positiva abriu as portas para o segundo longa do diretor, Pulp Fiction: Tempo de Viol\u00eancia (1994), que o consagraria de vez em Hollywood.<\/p>\n<p>Mais de tr\u00eas d\u00e9cadas depois, C\u00e3es de Aluguel continua sendo uma aula de dire\u00e7\u00e3o, roteiro e efici\u00eancia cinematogr\u00e1fica. Feito com pouco dinheiro, mas muita vis\u00e3o, o filme provou que o verdadeiro poder do cinema est\u00e1 nas ideias \u2014 e n\u00e3o no tamanho do or\u00e7amento. O filme est\u00e1 dispon\u00edvel <a href=\"https:\/\/play.google.com\/store\/movies\/details?id=uXTrf3h8AgI.P\" target=\"_blank\" rel=\"noreferrer noopener nofollow\">on demand<\/a>. Assista abaixo ao trailer:<\/p>\n","protected":false},"excerpt":{"rendered":"Em outubro de 1992, o mundo conhecia um novo nome que mudaria para sempre o cinema: Quentin Tarantino.&hellip;\n","protected":false},"author":2,"featured_media":122962,"comment_status":"","ping_status":"","sticky":false,"template":"","format":"standard","meta":{"footnotes":""},"categories":[140],"tags":[8551,114,115,147,148,146,1409,32,33,3424],"class_list":{"0":"post-122961","1":"post","2":"type-post","3":"status-publish","4":"format-standard","5":"has-post-thumbnail","7":"category-filmes","8":"tag-acao","9":"tag-entertainment","10":"tag-entretenimento","11":"tag-film","12":"tag-filmes","13":"tag-movies","14":"tag-oscar","15":"tag-portugal","16":"tag-pt","17":"tag-suspense"},"share_on_mastodon":{"url":"https:\/\/pubeurope.com\/@pt\/115423284015300559","error":""},"_links":{"self":[{"href":"https:\/\/www.europesays.com\/pt\/wp-json\/wp\/v2\/posts\/122961","targetHints":{"allow":["GET"]}}],"collection":[{"href":"https:\/\/www.europesays.com\/pt\/wp-json\/wp\/v2\/posts"}],"about":[{"href":"https:\/\/www.europesays.com\/pt\/wp-json\/wp\/v2\/types\/post"}],"author":[{"embeddable":true,"href":"https:\/\/www.europesays.com\/pt\/wp-json\/wp\/v2\/users\/2"}],"replies":[{"embeddable":true,"href":"https:\/\/www.europesays.com\/pt\/wp-json\/wp\/v2\/comments?post=122961"}],"version-history":[{"count":0,"href":"https:\/\/www.europesays.com\/pt\/wp-json\/wp\/v2\/posts\/122961\/revisions"}],"wp:featuredmedia":[{"embeddable":true,"href":"https:\/\/www.europesays.com\/pt\/wp-json\/wp\/v2\/media\/122962"}],"wp:attachment":[{"href":"https:\/\/www.europesays.com\/pt\/wp-json\/wp\/v2\/media?parent=122961"}],"wp:term":[{"taxonomy":"category","embeddable":true,"href":"https:\/\/www.europesays.com\/pt\/wp-json\/wp\/v2\/categories?post=122961"},{"taxonomy":"post_tag","embeddable":true,"href":"https:\/\/www.europesays.com\/pt\/wp-json\/wp\/v2\/tags?post=122961"}],"curies":[{"name":"wp","href":"https:\/\/api.w.org\/{rel}","templated":true}]}}