{"id":122983,"date":"2025-10-23T11:51:16","date_gmt":"2025-10-23T11:51:16","guid":{"rendered":"https:\/\/www.europesays.com\/pt\/122983\/"},"modified":"2025-10-23T11:51:16","modified_gmt":"2025-10-23T11:51:16","slug":"tres-filmes-para-ver-esta-semana-observador-6","status":"publish","type":"post","link":"https:\/\/www.europesays.com\/pt\/122983\/","title":{"rendered":"Tr\u00eas filmes para ver esta semana \u2013 Observador"},"content":{"rendered":"<p>Lucie (Isabelle Huppert) \u00e9 uma agente da pol\u00edcia que perdeu o marido, tamb\u00e9m pol\u00edcia, e est\u00e1 perto da reforma. Quando um casal novo e a filha pequena se mudam para a casa ao lado, Lucie afei\u00e7oa-se \u00e0 menina e \u00e0 m\u00e3e (Hafsia Herzi). At\u00e9 que descobre que o marido \u00e9 um ativista anti-pol\u00edcia e membro dos Black Bloc. Rodado com a leveza e a fluidez proporcionadas pela c\u00e2mara \u00e0 m\u00e3o, e com apenas 80 minutos de dura\u00e7\u00e3o, este novo filme de Andr\u00e9 T\u00e9chin\u00e9 p\u00f5e em cena o encontro de pessoas com vidas e pertencendo a mundos totalmente diferentes, mas \u00e9 sabotado pelo comportamento inveros\u00edmil de Lucie para com o seu vizinho delinquente (mas artista talentoso, em jeito de atenuante \u2013 pouco convincente), sobretudo tendo em conta a sua atividade sindical, pela superficialidade do ponto de vista dram\u00e1tico e por uma sensa\u00e7\u00e3o geral de desleixo, incluindo nas interpreta\u00e7\u00f5es.<\/p>\n<p>O b\u00eabado de uma aldeia algures no interior de Portugal v\u00ea-se de posse de uma espada m\u00e1gica onde est\u00e1 aprisionado um dem\u00f3nio, e que vai usar para combater as for\u00e7as malignas que ali se manifestam. Feito em estilo semi-amador e no budget por F\u00e1bio Powers na aldeia da Beira Baixa de onde \u00e9 natural e recorrendo aos seus moradores,\u00a0 O Velho e a Espada \u00e9 um filme de terror sobrenatural par\u00f3dico-chunga em que se misturam de forma ca\u00f3tica, com bom humor mas tamb\u00e9m com escasso nexo, m\u00faltiplas influ\u00eancias e refer\u00eancias, dos \u00e9picos de fantasy \u00e0 anima\u00e7\u00e3o japonesa e aos jogos de v\u00eddeo. Situado algures entre O Ninja das Caldas e as fitas da s\u00e9rie Balas e Bolinhos, O Velho e a Espada tem uma breve participa\u00e7\u00e3o de Lu\u00eds Aleluia naquele que foi o seu \u00faltimo papel, como o fantasma de Fernando Pessoa (e n\u00e3o me perguntem o que diabo faz ele ali).<\/p>\n<p>Jeremy Allen White, da s\u00e9rie The Bear, personifica Bruce Springsteen nesta fita inspirada pelo livro do mesmo t\u00edtulo de Warren Zane, publicado em 2023, e realizada por Scott Cooper, que recorda a origem, a cria\u00e7\u00e3o e a produ\u00e7\u00e3o do sexto \u00e1lbum do m\u00fasico, Nebraska, editado em 1982. Springsteen gravou-o em condi\u00e7\u00f5es quase artesanais no quarto de uma casa isolada e alugada em Colts Neck, na sua Nova J\u00e9rsia natal. O disco foi influenciado por coisas t\u00e3o diversas como os contos da escritora Flannery O\u2019Connor, e Noivos Sangrentos, o primeiro filme de Terrence Malick, mas tamb\u00e9m, e em grande parte, pela inf\u00e2ncia infeliz de Springsteen e pela sua rela\u00e7\u00e3o dif\u00edcil com o pai. Springsteen: Deliver Me From Nowhere foi escolhido como filme da semana pelo Observador e pode ler a cr\u00edtica aqui.<\/p>\n<p>                    <strong>Tem um minuto?<\/strong><br \/>O Observador est\u00e1 a realizar junto dos seus leitores um curto estudo de apenas quatro perguntas. <a href=\"https:\/\/observador.typeform.com\/to\/DnJJ0FZQ\" target=\"_blank\" style=\"text-decoration: underline; color:#262626;\" rel=\"nofollow noopener\">Responda aqui<\/a>.<\/p>\n","protected":false},"excerpt":{"rendered":"Lucie (Isabelle Huppert) \u00e9 uma agente da pol\u00edcia que perdeu o marido, tamb\u00e9m pol\u00edcia, e est\u00e1 perto da&hellip;\n","protected":false},"author":2,"featured_media":122984,"comment_status":"","ping_status":"","sticky":false,"template":"","format":"standard","meta":{"footnotes":""},"categories":[140],"tags":[470,315,114,115,1042,147,148,146,32,33],"class_list":{"0":"post-122983","1":"post","2":"type-post","3":"status-publish","4":"format-standard","5":"has-post-thumbnail","7":"category-filmes","8":"tag-cinema","9":"tag-cultura","10":"tag-entertainment","11":"tag-entretenimento","12":"tag-estreias","13":"tag-film","14":"tag-filmes","15":"tag-movies","16":"tag-portugal","17":"tag-pt"},"share_on_mastodon":{"url":"https:\/\/pubeurope.com\/@pt\/115423339083898410","error":""},"_links":{"self":[{"href":"https:\/\/www.europesays.com\/pt\/wp-json\/wp\/v2\/posts\/122983","targetHints":{"allow":["GET"]}}],"collection":[{"href":"https:\/\/www.europesays.com\/pt\/wp-json\/wp\/v2\/posts"}],"about":[{"href":"https:\/\/www.europesays.com\/pt\/wp-json\/wp\/v2\/types\/post"}],"author":[{"embeddable":true,"href":"https:\/\/www.europesays.com\/pt\/wp-json\/wp\/v2\/users\/2"}],"replies":[{"embeddable":true,"href":"https:\/\/www.europesays.com\/pt\/wp-json\/wp\/v2\/comments?post=122983"}],"version-history":[{"count":0,"href":"https:\/\/www.europesays.com\/pt\/wp-json\/wp\/v2\/posts\/122983\/revisions"}],"wp:featuredmedia":[{"embeddable":true,"href":"https:\/\/www.europesays.com\/pt\/wp-json\/wp\/v2\/media\/122984"}],"wp:attachment":[{"href":"https:\/\/www.europesays.com\/pt\/wp-json\/wp\/v2\/media?parent=122983"}],"wp:term":[{"taxonomy":"category","embeddable":true,"href":"https:\/\/www.europesays.com\/pt\/wp-json\/wp\/v2\/categories?post=122983"},{"taxonomy":"post_tag","embeddable":true,"href":"https:\/\/www.europesays.com\/pt\/wp-json\/wp\/v2\/tags?post=122983"}],"curies":[{"name":"wp","href":"https:\/\/api.w.org\/{rel}","templated":true}]}}