{"id":122999,"date":"2025-10-23T12:08:10","date_gmt":"2025-10-23T12:08:10","guid":{"rendered":"https:\/\/www.europesays.com\/pt\/122999\/"},"modified":"2025-10-23T12:08:10","modified_gmt":"2025-10-23T12:08:10","slug":"bruna-marquezine-surpreende-ao-comentar-post-sobre-filha-de-virginia-fonseca-e-ze-felipe","status":"publish","type":"post","link":"https:\/\/www.europesays.com\/pt\/122999\/","title":{"rendered":"Bruna Marquezine surpreende ao comentar post sobre filha de Virg\u00ednia Fonseca e Z\u00e9 Felipe"},"content":{"rendered":"\n<p class=\" content-text__container theme-color-primary-first-letter\" data-track-category=\"Link no Texto\" data-track-links=\"\"> Maria Flor, filha de <strong>Virg\u00ednia Fonseca<\/strong> e <strong>Z\u00e9 Felipe<\/strong>, completou tr\u00eas anos na quarta-feira (22) e recebeu uma enxurrada de mensagens carinhosas nas redes sociais. A comemora\u00e7\u00e3o da pequena movimentou o Instagram, reunindo n\u00e3o apenas f\u00e3s da influenciadora e do cantor, mas tamb\u00e9m v\u00e1rias celebridades. Entre elas, <strong>Bruna Marquezine<\/strong>, que fez quest\u00e3o de deixar um coment\u00e1rio cheio de ternura em uma publica\u00e7\u00e3o dedicada \u00e0 aniversariante. <\/p>\n<ul class=\"content-unordered-list\">\n<li><strong>Virg\u00ednia Fonseca estaria apagando tatuagem com nome de Z\u00e9 Felipe; <\/strong><a class=\"\" href=\"https:\/\/oglobo.globo.com\/ela\/noticia\/2025\/10\/23\/virginia-fonseca-estaria-apagando-tatuagem-com-nome-de-ze-felipe-saiba-como-funciona.ghtml\" rel=\"nofollow noopener\" target=\"_blank\"><strong>saiba como funciona<\/strong><\/a><\/li>\n<li><strong>Confira: <\/strong><a class=\"\" href=\"https:\/\/oglobo.globo.com\/ela\/noticia\/2025\/10\/23\/apos-comentario-de-anitta-especialista-explica-por-que-o-rosto-muda-nas-fotos.ghtml\" rel=\"nofollow noopener\" target=\"_blank\"><strong>Ap\u00f3s coment\u00e1rio de Anitta, especialista explica por que o rosto muda nas fotos<\/strong><\/a><\/li>\n<\/ul>\n<p class=\" content-text__container \" data-track-category=\"Link no Texto\" data-track-links=\"\"> O registro em quest\u00e3o foi feito por <strong>Lucas Guedez<\/strong>, amigo pr\u00f3ximo de Virg\u00ednia e presen\u00e7a constante nos eventos da fam\u00edlia. O influenciador publicou uma homenagem afetuosa \u00e0 afilhada, acompanhada de uma foto e um texto emocionado. <\/p>\n<p class=\" content-text__container \" data-track-category=\"Link no Texto\" data-track-links=\"\"> &#8220;Eu escrevo esses textos sabendo que um dia voc\u00ea vai ler e vai lembrar o tanto que o tio Uca te ama, florzinha. Feliz anivers\u00e1rio, minha pequena grande Maura&#8230; ainda sem acreditar que voc\u00ea t\u00e1 fazendo 3 anos, e n\u00e3o 60 (risos). Que papai do c\u00e9u te proteja eternamente e te encha de sa\u00fade! Voc\u00ea \u00e9 muito amada! Estarei sempre aqui comemorando sua vida. Amo voc\u00ea&#8221;, escreveu. <\/p>\n<p class=\" content-text__container \" data-track-category=\"Link no Texto\" data-track-links=\"\"> Nos coment\u00e1rios, Bruna surgiu de surpresa e deixou uma curta, por\u00e9m afetuosa mensagem \u00e0 menina. &#8220;Aff, perfeita&#8221;, escreveu a atriz. O gesto simples foi suficiente para agitar os f\u00e3s, que reagiram imediatamente \u00e0 intera\u00e7\u00e3o. &#8220;Cad\u00ea a fotinho de voc\u00eas?&#8221;, perguntou uma seguidora. &#8220;A nossa diva. Ela te ama&#8221;, respondeu outra. &#8220;N\u00e3o acredito, Bruna! Posta uma foto com a Maria Flor!&#8221;, pediu uma terceira. <\/p>\n<p>      <img decoding=\"async\" class=\"content-media__image\"  src=\"https:\/\/www.europesays.com\/pt\/wp-content\/uploads\/2025\/10\/captura-de-tela-23-10-2025-7346-www.instagram.com.jpg\" alt=\"Lucas Guedez parabenizou Maria Flor, filha de Virg\u00ednia e Z\u00e9 Felipe, nas redes \u2014 Foto: Reprodu\u00e7\u00e3o Instagram\" width=\"1600\" height=\"934\" loading=\"lazy\"\/>  Lucas Guedez parabenizou Maria Flor, filha de Virg\u00ednia e Z\u00e9 Felipe, nas redes \u2014 Foto: Reprodu\u00e7\u00e3o Instagram       <\/p>\n<p class=\" content-text__container \" data-track-category=\"Link no Texto\" data-track-links=\"\"> Al\u00e9m da artista, outros nomes conhecidos tamb\u00e9m se manifestaram. Pedro Sampaio escreveu &#8220;muito fofa&#8221;, enquanto Erika Schneider, ex-participante de A Fazenda, comentou &#8220;fofura&#8221;. J\u00e1 a influenciadora Y\u00e1 Burihan completou com um &#8220;coisa mais linda&#8221;. <\/p>\n<p class=\" content-text__container \" data-track-category=\"Link no Texto\" data-track-links=\"\"> A rela\u00e7\u00e3o entre Bruna e a filha de Virg\u00ednia n\u00e3o \u00e9 novidade. As duas se conheceram durante a festa de anivers\u00e1rio de Jo\u00e3o Guilherme, em Goi\u00e2nia, no in\u00edcio do ano. Na \u00e9poca, a presen\u00e7a da atriz, ent\u00e3o namorada do cantor e tio de Maria Flor, chamou aten\u00e7\u00e3o nas redes e despertou curiosidade sobre a proximidade entre as fam\u00edlias. <\/p>\n<p class=\" content-text__container \" data-track-category=\"Link no Texto\" data-track-links=\"\"> Pouco tempo depois, Lucas compartilhou nos stories um v\u00eddeo em que Maria Flor dizia sentir saudades de Bruna. &#8220;Acabou de virar amiga da Bruna e j\u00e1 quer pedir presente&#8221;, brincou o influenciador, acrescentando com bom humor: &#8220;Vamos ligar para ela!&#8221;. <\/p>\n<p>   <script async src=\"\/\/www.instagram.com\/embed.js\"><\/script><\/p>\n","protected":false},"excerpt":{"rendered":"Maria Flor, filha de Virg\u00ednia Fonseca e Z\u00e9 Felipe, completou tr\u00eas anos na quarta-feira (22) e recebeu uma&hellip;\n","protected":false},"author":2,"featured_media":123000,"comment_status":"","ping_status":"","sticky":false,"template":"","format":"standard","meta":{"footnotes":""},"categories":[142],"tags":[114,115,319,32,33,318,151],"class_list":{"0":"post-122999","1":"post","2":"type-post","3":"status-publish","4":"format-standard","5":"has-post-thumbnail","7":"category-tv","8":"tag-entertainment","9":"tag-entretenimento","10":"tag-hard-news","11":"tag-portugal","12":"tag-pt","13":"tag-radar","14":"tag-tv"},"share_on_mastodon":{"url":"https:\/\/pubeurope.com\/@pt\/115423406062699642","error":""},"_links":{"self":[{"href":"https:\/\/www.europesays.com\/pt\/wp-json\/wp\/v2\/posts\/122999","targetHints":{"allow":["GET"]}}],"collection":[{"href":"https:\/\/www.europesays.com\/pt\/wp-json\/wp\/v2\/posts"}],"about":[{"href":"https:\/\/www.europesays.com\/pt\/wp-json\/wp\/v2\/types\/post"}],"author":[{"embeddable":true,"href":"https:\/\/www.europesays.com\/pt\/wp-json\/wp\/v2\/users\/2"}],"replies":[{"embeddable":true,"href":"https:\/\/www.europesays.com\/pt\/wp-json\/wp\/v2\/comments?post=122999"}],"version-history":[{"count":0,"href":"https:\/\/www.europesays.com\/pt\/wp-json\/wp\/v2\/posts\/122999\/revisions"}],"wp:featuredmedia":[{"embeddable":true,"href":"https:\/\/www.europesays.com\/pt\/wp-json\/wp\/v2\/media\/123000"}],"wp:attachment":[{"href":"https:\/\/www.europesays.com\/pt\/wp-json\/wp\/v2\/media?parent=122999"}],"wp:term":[{"taxonomy":"category","embeddable":true,"href":"https:\/\/www.europesays.com\/pt\/wp-json\/wp\/v2\/categories?post=122999"},{"taxonomy":"post_tag","embeddable":true,"href":"https:\/\/www.europesays.com\/pt\/wp-json\/wp\/v2\/tags?post=122999"}],"curies":[{"name":"wp","href":"https:\/\/api.w.org\/{rel}","templated":true}]}}