{"id":123004,"date":"2025-10-23T12:11:17","date_gmt":"2025-10-23T12:11:17","guid":{"rendered":"https:\/\/www.europesays.com\/pt\/123004\/"},"modified":"2025-10-23T12:11:17","modified_gmt":"2025-10-23T12:11:17","slug":"promessa-da-formula-1-revela-ter-esfaqueado-o-pai-no-pescoco","status":"publish","type":"post","link":"https:\/\/www.europesays.com\/pt\/123004\/","title":{"rendered":"Promessa da F\u00f3rmula 1 revela ter esfaqueado o pai no pesco\u00e7o"},"content":{"rendered":"<p>Antol\u00edn Gonz\u00e1lez, ex-promessa espanhola da F\u00f3rmula 1, foi preso em julho de 2025, acusado do assassinato do pr\u00f3prio pai. Agora, quatro meses depois, o jovem de 23 anos confessou o crime.<\/p>\n<p>De acordo com a imprensa espanhola, o piloto esteve esta segunda-feira no Tribunal de Instru\u00e7\u00e3o n\u00ba 2 de Aranda de Duero e relatou o caso de modo a tentar reduzir a pena:<\/p>\n<p>Tudo aconteceu a 5 de julho deste ano, num armaz\u00e9m da fam\u00edlia em Burgos, com Antol\u00edn a atingir o progenitor com uma facada no pesco\u00e7o, depois de uma discuss\u00e3o violenta entre ambos.\u00a0<\/p>\n<p>A pol\u00edcia foi chamada ao local e ainda encontrou o sujeito de 56 anos com vida, mas este acabou por falecer apesar da ajuda m\u00e9dica. O ex-piloto foi preso horas depois, mas antes conseguiu livrar-se da arma rio Arandilla, tal como confessou.<\/p>\n<p>No que toca ao automobilismo, Antol\u00edn j\u00e1 foi uma das maiores promessas, tendo sido o mais jovem de sempre a conduzir um F3, aos 13 anos. No entanto, teve de abandonar a carreira devido \u00e0 falta de apoio financeiro.<\/p>\n","protected":false},"excerpt":{"rendered":"Antol\u00edn Gonz\u00e1lez, ex-promessa espanhola da F\u00f3rmula 1, foi preso em julho de 2025, acusado do assassinato do pr\u00f3prio&hellip;\n","protected":false},"author":2,"featured_media":123005,"comment_status":"","ping_status":"","sticky":false,"template":"","format":"standard","meta":{"footnotes":""},"categories":[87],"tags":[28455,28456,5968,135,28457,6911,971,46,32,33,47,134],"class_list":{"0":"post-123004","1":"post","2":"type-post","3":"status-publish","4":"format-standard","5":"has-post-thumbnail","7":"category-desporto","8":"tag-antolin-gonzalez","9":"tag-assassinatos","10":"tag-automobilismo","11":"tag-desporto","12":"tag-esfaquear","13":"tag-excluirinstant","14":"tag-formula-1","15":"tag-maisfutebol","16":"tag-portugal","17":"tag-pt","18":"tag-pura-paixao","19":"tag-sports"},"share_on_mastodon":{"url":"https:\/\/pubeurope.com\/@pt\/115423417786319728","error":""},"_links":{"self":[{"href":"https:\/\/www.europesays.com\/pt\/wp-json\/wp\/v2\/posts\/123004","targetHints":{"allow":["GET"]}}],"collection":[{"href":"https:\/\/www.europesays.com\/pt\/wp-json\/wp\/v2\/posts"}],"about":[{"href":"https:\/\/www.europesays.com\/pt\/wp-json\/wp\/v2\/types\/post"}],"author":[{"embeddable":true,"href":"https:\/\/www.europesays.com\/pt\/wp-json\/wp\/v2\/users\/2"}],"replies":[{"embeddable":true,"href":"https:\/\/www.europesays.com\/pt\/wp-json\/wp\/v2\/comments?post=123004"}],"version-history":[{"count":0,"href":"https:\/\/www.europesays.com\/pt\/wp-json\/wp\/v2\/posts\/123004\/revisions"}],"wp:featuredmedia":[{"embeddable":true,"href":"https:\/\/www.europesays.com\/pt\/wp-json\/wp\/v2\/media\/123005"}],"wp:attachment":[{"href":"https:\/\/www.europesays.com\/pt\/wp-json\/wp\/v2\/media?parent=123004"}],"wp:term":[{"taxonomy":"category","embeddable":true,"href":"https:\/\/www.europesays.com\/pt\/wp-json\/wp\/v2\/categories?post=123004"},{"taxonomy":"post_tag","embeddable":true,"href":"https:\/\/www.europesays.com\/pt\/wp-json\/wp\/v2\/tags?post=123004"}],"curies":[{"name":"wp","href":"https:\/\/api.w.org\/{rel}","templated":true}]}}