{"id":123006,"date":"2025-10-23T12:12:13","date_gmt":"2025-10-23T12:12:13","guid":{"rendered":"https:\/\/www.europesays.com\/pt\/123006\/"},"modified":"2025-10-23T12:12:13","modified_gmt":"2025-10-23T12:12:13","slug":"medicos-deixam-de-receitar-omeprazol-entenda-porque","status":"publish","type":"post","link":"https:\/\/www.europesays.com\/pt\/123006\/","title":{"rendered":"M\u00e9dicos deixam de receitar omeprazol; entenda porqu\u00ea"},"content":{"rendered":"<p>                        <img width=\"944\" height=\"531\" src=\"https:\/\/www.europesays.com\/pt\/wp-content\/uploads\/2025\/10\/closeup-tiro-de-uma-pessoa-segurando-duas-capsulas-na-palma-da-mao-944x531.jpg\" class=\"attachment-custom-large size-custom-large article-featured-image\" alt=\"O medicamento \u00e9 comumente utilizado no tratamento de \u00falceras, gastrites e refluxo (Foto: Freepik)\" fetchpriority=\"high\" decoding=\"async\"  \/><\/p>\n<p>O medicamento \u00e9 comumente utilizado no tratamento de \u00falceras, gastrites e refluxo (Foto: Banco de imagens)<\/p>\n<p>Quando foi lan\u00e7ado, o omeprazol representou um avan\u00e7o importante no combate \u00e0s \u00falceras g\u00e1stricas e ao refluxo gastroesof\u00e1gico, problemas causados pelo excesso de acidez no est\u00f4mago.<\/p>\n<p>Continua depois da publicidade<\/p>\n<p>Mas, com o tempo, o rem\u00e9dio passou a ser usado de forma rotineira por muitos pacientes, o que aumentou a incid\u00eancia de efeitos adversos. Diante disso, especialistas t\u00eam adotado uma postura mais criteriosa na prescri\u00e7\u00e3o do f\u00e1rmaco.<\/p>\n<p>Riscos associados ao uso de omeprazol<\/p>\n<p>Em artigo do Centro Diagn\u00f3stico Casa Vitta, o cirurgi\u00e3o do aparelho digestivo Bruno Mariano Schmidt explica que o omeprazol, assim como outros inibidores da bomba de pr\u00f3tons (IBPs), age bloqueando a produ\u00e7\u00e3o de \u00e1cido clor\u00eddrico.<\/p>\n<p>Com isso, diminui a acidez g\u00e1strica e alivia sintomas inc\u00f4modos de gastrites.<\/p>\n<p>Continua depois da publicidade<\/p>\n<p>O problema, segundo o especialista, \u00e9 o uso prolongado e em doses elevadas, algo que se tornou comum pela facilidade de compra sem receita m\u00e9dica.<\/p>\n<p>Ele alerta que o consumo excessivo pode levar a pneumonia, problemas renais e at\u00e9 infarto, al\u00e9m de j\u00e1 terem sido registrados casos de AVC associados ao uso indiscriminado.<\/p>\n<p>Outro ponto cr\u00edtico \u00e9 a interfer\u00eancia do medicamento na absor\u00e7\u00e3o de nutrientes como ferro, c\u00e1lcio e vitamina B12, o que pode resultar em anemia, c\u00e3ibras e osteopenia.<\/p>\n<p>Continua depois da publicidade<\/p>\n<p>Tamb\u00e9m h\u00e1 risco aumentado de infec\u00e7\u00e3o intestinal por Clostridioides difficile e maior probabilidade de fraturas.<\/p>\n<p>\u201cEm casos mais severos, pacientes experimentam sintomas di\u00e1rios de azia, queima\u00e7\u00e3o e regurgita\u00e7\u00e3o quando interrompem os IBPs\u201d, apontou Schmidt.<\/p>\n<p>Como reduzir os efeitos adversos<\/p>\n<p>Apesar dos riscos, os m\u00e9dicos destacam que o omeprazol ainda \u00e9 essencial no tratamento de \u00falceras, refluxo e infec\u00e7\u00f5es por Helicobacter pylori.<\/p>\n<p>Continua depois da publicidade<\/p>\n<p>Por isso, o ideal \u00e9 utiliz\u00e1-lo apenas pelo tempo recomendado pelo profissional de sa\u00fade, com consultas de reavalia\u00e7\u00e3o peri\u00f3dicas para ajustar o tratamento.<\/p>\n<p>Quando o quadro for mais leve, a orienta\u00e7\u00e3o \u00e9 priorizar mudan\u00e7as de h\u00e1bitos antes de recorrer ao medicamento.<\/p>\n<p>Controlar o peso, reduzir o consumo de ultraprocessados e manter hor\u00e1rios regulares para as refei\u00e7\u00f5es s\u00e3o medidas que favorecem a digest\u00e3o e ajudam a evitar reca\u00eddas.<\/p>\n<p>Continua depois da publicidade<\/p>\n<p>\u201cEsses riscos valem para toda a classe dos IBPs. Eles continuam sendo medicamentos eficazes, mas devem ser usados pelo menor tempo poss\u00edvel, sempre com acompanhamento m\u00e9dico\u201d, afirmou a gastroenterologista Karoline Soares Garcia, em entrevista ao g1.<\/p>\n","protected":false},"excerpt":{"rendered":"O medicamento \u00e9 comumente utilizado no tratamento de \u00falceras, gastrites e refluxo (Foto: Banco de imagens) Quando foi&hellip;\n","protected":false},"author":2,"featured_media":123007,"comment_status":"","ping_status":"","sticky":false,"template":"","format":"standard","meta":{"footnotes":""},"categories":[86],"tags":[116,32,33,117,794],"class_list":{"0":"post-123006","1":"post","2":"type-post","3":"status-publish","4":"format-standard","5":"has-post-thumbnail","7":"category-saude","8":"tag-health","9":"tag-portugal","10":"tag-pt","11":"tag-saude","12":"tag-voce-viu"},"share_on_mastodon":{"url":"https:\/\/pubeurope.com\/@pt\/115423421848002556","error":""},"_links":{"self":[{"href":"https:\/\/www.europesays.com\/pt\/wp-json\/wp\/v2\/posts\/123006","targetHints":{"allow":["GET"]}}],"collection":[{"href":"https:\/\/www.europesays.com\/pt\/wp-json\/wp\/v2\/posts"}],"about":[{"href":"https:\/\/www.europesays.com\/pt\/wp-json\/wp\/v2\/types\/post"}],"author":[{"embeddable":true,"href":"https:\/\/www.europesays.com\/pt\/wp-json\/wp\/v2\/users\/2"}],"replies":[{"embeddable":true,"href":"https:\/\/www.europesays.com\/pt\/wp-json\/wp\/v2\/comments?post=123006"}],"version-history":[{"count":0,"href":"https:\/\/www.europesays.com\/pt\/wp-json\/wp\/v2\/posts\/123006\/revisions"}],"wp:featuredmedia":[{"embeddable":true,"href":"https:\/\/www.europesays.com\/pt\/wp-json\/wp\/v2\/media\/123007"}],"wp:attachment":[{"href":"https:\/\/www.europesays.com\/pt\/wp-json\/wp\/v2\/media?parent=123006"}],"wp:term":[{"taxonomy":"category","embeddable":true,"href":"https:\/\/www.europesays.com\/pt\/wp-json\/wp\/v2\/categories?post=123006"},{"taxonomy":"post_tag","embeddable":true,"href":"https:\/\/www.europesays.com\/pt\/wp-json\/wp\/v2\/tags?post=123006"}],"curies":[{"name":"wp","href":"https:\/\/api.w.org\/{rel}","templated":true}]}}