{"id":123040,"date":"2025-10-23T12:38:13","date_gmt":"2025-10-23T12:38:13","guid":{"rendered":"https:\/\/www.europesays.com\/pt\/123040\/"},"modified":"2025-10-23T12:38:13","modified_gmt":"2025-10-23T12:38:13","slug":"livros-do-concurso-literario-estao-a-disposicao-da-comunidade-noticias","status":"publish","type":"post","link":"https:\/\/www.europesays.com\/pt\/123040\/","title":{"rendered":"Livros do Concurso Liter\u00e1rio est\u00e3o \u00e0 disposi\u00e7\u00e3o da comunidade &#8211; Not\u00edcias"},"content":{"rendered":"<p>              Proarte\/Cultura<\/p>\n<p>      23 de Outubro de 2025 \u00e0s 09:28<\/p>\n<p class=\"resumo\">Premia\u00e7\u00e3o foi realizada em meio \u00e0 33\u00aa Feira do Livro<\/p>\n<p style=\"text-align:justify\">A noite da quarta-feira (22) foi especial na 33\u00aa Feira do Livro com a solenidade de premia\u00e7\u00e3o do 4\u00b0 Concurso Liter\u00e1rio Munic\u00edpio de Carlos Barbosa.<\/p>\n<p style=\"text-align:justify\">Ao mesmo tempo, ocorreu o <strong>lan\u00e7amento do livro de textos premiados, que pode ser retirado gratuitamente no evento<\/strong>.\u00a0<\/p>\n<p style=\"text-align:justify\">Com o tema \u201cVozes do sil\u00eancio\u201d, o 4\u00ba Concurso Liter\u00e1rio Munic\u00edpio premiou 17 textos nas categorias Prosa Geral, Prosa Municipal (contos), Verso Geral e Verso Municipal (poemas) (veja a lista completa abaixo).<\/p>\n<p style=\"text-align:justify\">O evento contou com a participa\u00e7\u00e3o de organizadores e avaliadores, que incentivaram os novos talentos. Os textos foram selecionados por Denise Cristina da Silva Pellizzoni, Douglas Ceccagno, Eliani In\u00eas Lanzarini, Felipe M. Guerra, Ivete Todeschini Menegotto, Jeneci Mocellin, Laura Agliardi Dalm\u00e1s, Lisiane Delai, Lucinara Betti, Luiza Maria Cezar Carravetta, Mariana Boeira Melchena, Min\u00e9ia Frezza, Morgana Carniel, Raquiani Francieli Odorcick, Ronaldo Alb\u00e9 Lucena, Simone Pozza Migot e Vanderlei Camini.<\/p>\n<p style=\"text-align:justify\"><strong>Vencedores do 4\u00b0 Concurso Liter\u00e1rio Munic\u00edpio de Carlos Barbosa<\/strong><\/p>\n<p style=\"text-align:justify\">\u2013 CATEGORIA VERSO GERAL<\/p>\n<p style=\"text-align:justify\">1\u00ba lugar: Morgana Ribeiro dos Santos &#8211; Rio de Janeiro\/RJ<\/p>\n<p style=\"text-align:justify\">2\u00ba lugar: Elvira Gl\u00f3ria Drummond Miranda &#8211; Fortaleza\/CE<\/p>\n<p style=\"text-align:justify\">3\u00ba lugar: Erika Peron de Paiva &#8211; Aquiraz\/CE<\/p>\n<p style=\"text-align:justify\">4\u00ba lugar: Marco Aur\u00e9lio Pinotti Catal\u00e3o &#8211; Campinas\/SP<\/p>\n<p style=\"text-align:justify\">5\u00ba lugar: Maili Amorim Lantyer Azevedo &#8211; Salvador\/BA<\/p>\n<p>\u2013 CATEGORIA VERSO MUNICIPAL<\/p>\n<p style=\"text-align:justify\">1\u00ba lugar: Julia Misturini<\/p>\n<p style=\"text-align:justify\">2\u00ba lugar: Joselito de Souza Bertoglio\u00a0<\/p>\n<p style=\"text-align:justify\">3\u00ba lugar: Fernanda Migot\u00a0<\/p>\n<p style=\"text-align:justify\">4\u00ba lugar: Isadora Segala Zwirtes\u00a0<\/p>\n<p style=\"text-align:justify\">5\u00ba lugar: Salete Brembilla Ferronato<\/p>\n<p>\u2013 CATEGORIA PROSA GERAL<\/p>\n<p style=\"text-align:justify\">1\u00ba lugar: Roberto Atih\u00e9 Curan \u2013 S\u00e3o Paulo\/SP<\/p>\n<p style=\"text-align:justify\">2\u00ba lugar: Danielle Martins Cardoso \u2013 S\u00e3o Paulo\/SP<\/p>\n<p style=\"text-align:justify\">3\u00ba lugar: Andres Leonardo Scattolini &#8211; Potim\/SP<\/p>\n<p style=\"text-align:justify\">4\u00ba lugar: Jedielson dos Santos de Sant\u2019Ana &#8211; Paranagu\u00e1\/PR<\/p>\n<p style=\"text-align:justify\">5\u00ba lugar: Ricardo Tadeu Aguiar \u2013 Rio de Janeiro\/RJ<\/p>\n<p>\u2013 CATEGORIA PROSA MUNICIPAL<\/p>\n<p style=\"text-align:justify\">1\u00ba lugar: Marcia Pegoraro<\/p>\n<p style=\"text-align:justify\">2\u00ba lugar: Leandro Debenetti<\/p>\n<p>Por Proarte<br \/>&#13;<br \/>\nFoto: Sandro Darsie<\/p>\n","protected":false},"excerpt":{"rendered":"Proarte\/Cultura 23 de Outubro de 2025 \u00e0s 09:28 Premia\u00e7\u00e3o foi realizada em meio \u00e0 33\u00aa Feira do Livro&hellip;\n","protected":false},"author":2,"featured_media":123041,"comment_status":"","ping_status":"","sticky":false,"template":"","format":"standard","meta":{"footnotes":""},"categories":[143],"tags":[169,114,115,170,32,33],"class_list":{"0":"post-123040","1":"post","2":"type-post","3":"status-publish","4":"format-standard","5":"has-post-thumbnail","7":"category-livros","8":"tag-books","9":"tag-entertainment","10":"tag-entretenimento","11":"tag-livros","12":"tag-portugal","13":"tag-pt"},"share_on_mastodon":{"url":"https:\/\/pubeurope.com\/@pt\/115423523965393282","error":""},"_links":{"self":[{"href":"https:\/\/www.europesays.com\/pt\/wp-json\/wp\/v2\/posts\/123040","targetHints":{"allow":["GET"]}}],"collection":[{"href":"https:\/\/www.europesays.com\/pt\/wp-json\/wp\/v2\/posts"}],"about":[{"href":"https:\/\/www.europesays.com\/pt\/wp-json\/wp\/v2\/types\/post"}],"author":[{"embeddable":true,"href":"https:\/\/www.europesays.com\/pt\/wp-json\/wp\/v2\/users\/2"}],"replies":[{"embeddable":true,"href":"https:\/\/www.europesays.com\/pt\/wp-json\/wp\/v2\/comments?post=123040"}],"version-history":[{"count":0,"href":"https:\/\/www.europesays.com\/pt\/wp-json\/wp\/v2\/posts\/123040\/revisions"}],"wp:featuredmedia":[{"embeddable":true,"href":"https:\/\/www.europesays.com\/pt\/wp-json\/wp\/v2\/media\/123041"}],"wp:attachment":[{"href":"https:\/\/www.europesays.com\/pt\/wp-json\/wp\/v2\/media?parent=123040"}],"wp:term":[{"taxonomy":"category","embeddable":true,"href":"https:\/\/www.europesays.com\/pt\/wp-json\/wp\/v2\/categories?post=123040"},{"taxonomy":"post_tag","embeddable":true,"href":"https:\/\/www.europesays.com\/pt\/wp-json\/wp\/v2\/tags?post=123040"}],"curies":[{"name":"wp","href":"https:\/\/api.w.org\/{rel}","templated":true}]}}