{"id":123042,"date":"2025-10-23T12:39:09","date_gmt":"2025-10-23T12:39:09","guid":{"rendered":"https:\/\/www.europesays.com\/pt\/123042\/"},"modified":"2025-10-23T12:39:09","modified_gmt":"2025-10-23T12:39:09","slug":"visto-que-continua-impune-dylan-promete-repetir-comportamentos-na-casa-do-secret-story","status":"publish","type":"post","link":"https:\/\/www.europesays.com\/pt\/123042\/","title":{"rendered":"Visto que continua impune, Dylan promete repetir comportamentos na casa do Secret Story"},"content":{"rendered":"<p>Depois da <a href=\"https:\/\/www.hiper.fm\/em-vez-de-apenas-castigar-dylan-e-bruno-voz-da-sancao-coletiva-aos-concorrentes-e-o-primeiro-e-ultimo-aviso\/\" target=\"_blank\" rel=\"noopener nofollow\">san\u00e7\u00e3o coletiva<\/a> que os concorrentes do Secret Story 9 receberam no \u2018Especial\u2019 desta quarta-feira, 22 de outubro, Dylan desabafou com In\u00eas e Bruna e prometeu repetir os comportamentos que tem tido na casa mais vigiada do Pa\u00eds.<\/p>\n<p>Visto que continua impune e sem receber qualquer tipo de san\u00e7\u00e3o individual pelas suas atitudes, nomeadamente os coment\u00e1rios preconceituosos sobre Leandro, Dylan garantiu: \u201c<strong>J\u00e1 sei que n\u00e3o vou conseguir controlar, portanto, vou continuar a dizer o que me apetecer<\/strong>\u201c.<\/p>\n<p>Por sua vez, In\u00eas considerou: \u201c<strong>Aquela VT n\u00e3o foi pelos palavr\u00f5es nem foi por nada disso. Aquilo tem um objetivo. Pronto, foi feito, acabou-se, \u00e9 passar a frente. Vai continuar a haver discuss\u00f5es, v\u00e3o continuar coisas a ser ditas<\/strong>\u201c. Neste sentido, Dylan manifestou: \u201c<strong>S\u00f3 estou ansioso que seja deles agora<\/strong>\u201c.<\/p>\n<p>Bruna tamb\u00e9m interveio e defendeu: \u201c<strong>Para mim, quem sai daqui p\u00e9ssimo \u00e9 a Marisa Susana e o Pedro, com as atitudes que tiveram no p\u00f3s. Porque isto \u00e9 o que \u00e9: ouvimos, comemos, refletimos um bocado o que \u00e9 que podemos ou n\u00e3o mudar dentro do razo\u00e1vel. <\/strong><strong>Estarem ali com aqueles filmes s\u00f3 lhes fica mal a eles<\/strong>\u201c. In\u00eas concordou e explicou: \u201c<strong>Claro, n\u00e3o s\u00e3o santos nenhuns. Logo ela, ela tem um tipo de jogo sujo aqui dentro, que \u00e9 provocar toda a gente para levar as pessoas ao limite<\/strong>\u201c.<\/p>\n<p><a href=\"https:\/\/tvi.iol.pt\/secretstory\/videos\/apos-sancao-dylan-revela-vou-continuar-a-dizer-o-que-me-apetecer\/68f9e6c80cf29d28d8297f91\" target=\"_blank\" rel=\"noopener nofollow\">Veja o v\u00eddeo aqui<\/a>.<\/p>\n","protected":false},"excerpt":{"rendered":"Depois da san\u00e7\u00e3o coletiva que os concorrentes do Secret Story 9 receberam no \u2018Especial\u2019 desta quarta-feira, 22 de&hellip;\n","protected":false},"author":2,"featured_media":123043,"comment_status":"","ping_status":"","sticky":false,"template":"","format":"standard","meta":{"footnotes":""},"categories":[142],"tags":[2019,28460,19105,114,115,28461,32,33,1315,151],"class_list":{"0":"post-123042","1":"post","2":"type-post","3":"status-publish","4":"format-standard","5":"has-post-thumbnail","7":"category-tv","8":"tag-casa","9":"tag-comportamentos","10":"tag-dylan","11":"tag-entertainment","12":"tag-entretenimento","13":"tag-impune","14":"tag-portugal","15":"tag-pt","16":"tag-secret-story","17":"tag-tv"},"share_on_mastodon":{"url":"https:\/\/pubeurope.com\/@pt\/115423527928605724","error":""},"_links":{"self":[{"href":"https:\/\/www.europesays.com\/pt\/wp-json\/wp\/v2\/posts\/123042","targetHints":{"allow":["GET"]}}],"collection":[{"href":"https:\/\/www.europesays.com\/pt\/wp-json\/wp\/v2\/posts"}],"about":[{"href":"https:\/\/www.europesays.com\/pt\/wp-json\/wp\/v2\/types\/post"}],"author":[{"embeddable":true,"href":"https:\/\/www.europesays.com\/pt\/wp-json\/wp\/v2\/users\/2"}],"replies":[{"embeddable":true,"href":"https:\/\/www.europesays.com\/pt\/wp-json\/wp\/v2\/comments?post=123042"}],"version-history":[{"count":0,"href":"https:\/\/www.europesays.com\/pt\/wp-json\/wp\/v2\/posts\/123042\/revisions"}],"wp:featuredmedia":[{"embeddable":true,"href":"https:\/\/www.europesays.com\/pt\/wp-json\/wp\/v2\/media\/123043"}],"wp:attachment":[{"href":"https:\/\/www.europesays.com\/pt\/wp-json\/wp\/v2\/media?parent=123042"}],"wp:term":[{"taxonomy":"category","embeddable":true,"href":"https:\/\/www.europesays.com\/pt\/wp-json\/wp\/v2\/categories?post=123042"},{"taxonomy":"post_tag","embeddable":true,"href":"https:\/\/www.europesays.com\/pt\/wp-json\/wp\/v2\/tags?post=123042"}],"curies":[{"name":"wp","href":"https:\/\/api.w.org\/{rel}","templated":true}]}}