{"id":123044,"date":"2025-10-23T12:40:24","date_gmt":"2025-10-23T12:40:24","guid":{"rendered":"https:\/\/www.europesays.com\/pt\/123044\/"},"modified":"2025-10-23T12:40:24","modified_gmt":"2025-10-23T12:40:24","slug":"bailarina-apontada-por-kevin-federline-como-affair-de-britney-spears-em-livro-se-pronuncia","status":"publish","type":"post","link":"https:\/\/www.europesays.com\/pt\/123044\/","title":{"rendered":"Bailarina apontada por Kevin Federline como affair de Britney Spears em livro se pronuncia"},"content":{"rendered":"<p>\n                        Teresa Espinosa confirma que dan\u00e7ou para Britney e revelou que foi a respons\u00e1vel por apresentar a estrela para Kevin Federline\n                    <\/p>\n<p class=\"text\">Na sua autobiografia, <b>Kevin Federline<\/b>, ex-marido e pai dos dois filhos de <a href=\"https:\/\/www.terra.com.br\/tudo-sobre\/britney-spears\" target=\"_self\" rel=\"nofollow noopener\">Britney Spears<\/a>, conta que flagrou a cantora com a bailarina <b>Teresa Espinosa<\/b> em situa\u00e7\u00f5es \u00edntimas em um quarto de hotel em Amsterdam.<\/p>\n<p><img loading=\"lazy\" decoding=\"async\" alt=\"Britney Spears e a bailarina Teresa Espinosa se conheceram em 2003\" class=\"img-e8af50d9fa9cc4d24bccc7c19fcb4966u21pdfmq\" height=\"570\" src=\"https:\/\/www.europesays.com\/pt\/wp-content\/uploads\/2025\/10\/522390947-6gdg6fbuwbcztc3iyaqsxxqlhi.jpg\"  title=\"Britney Spears e a bailarina Teresa Espinosa se conheceram em 2003\" width=\"774\"\/><\/p>\n<p>Britney Spears e a bailarina Teresa Espinosa se conheceram em 2003<\/p>\n<p>Foto: @teresa.espinosa22 via Instagram \/ Estad\u00e3o<\/p>\n<p class=\"text\">A bailarina usou as redes sociais para dar as suas vers\u00f5es dos fatos. Ela confirma que dan\u00e7ou para Britney Spears durante a turn\u00ea do disco In the Zone (2003), que se transformou na turn\u00ea The Onyx Hotel (2004). Ela diz ainda que foi a respons\u00e1vel por apresentar Britney a Kevin Federline.<\/p>\n<p class=\"text\">&#8220;Na \u00e9poca, s\u00f3 de estar ao lado de Britney, sentia a energia ca\u00f3tica que era a sua vida. Os paparazzi estavam em todos os lugares que ela ia. Ela n\u00e3o conseguia nem respirar ou espirrar sem que algu\u00e9m tentasse capturar um momento de sua bela alma&#8221;, escreveu Teresa.<\/p>\n<p class=\"text\">Na sequ\u00eancia, a bailarina relembra de epis\u00f3dios compartilhados entre as duas neste per\u00edodo, como quando Britney decidiu, ela mesma, pintar seus cabelos.<\/p>\n<p class=\"text\">Em outra ocasi\u00e3o, elas decidiram ir a uma boate, tentando (em v\u00e3o) despistar os fot\u00f3grafos que perseguiam Britney. Teresa conta que, quando chegaram no clube, foram imediatamente postas para dentro por um seguran\u00e7a. &#8220;Logo que entramos, vi meu amigo Kevin Federline. Na altura, Kevin e eu \u00e9ramos vizinhos e ele estava l\u00e1 aquela noite. Quando vi o Kevin, pensei: &#8216;O Kevin \u00e9 fofo. Eu deveria apresent\u00e1-los'&#8221;, relembrou.<\/p>\n<p class=\"text\">Ela conclui dizendo: &#8220;N\u00e3o tenho certeza exata de como aquela apresenta\u00e7\u00e3o inocente se transformou em mais do que um simples encontro e essa \u00e9 a minha hist\u00f3ria para contar&#8221;.<\/p>\n<blockquote class=\"instagram-media\" data-instgrm-captioned=\"\" data-instgrm-permalink=\"https:\/\/www.instagram.com\/p\/DP3AaFWDqnS\/?utm_source=ig_embed&amp;utm_campaign=loading\" data-instgrm-version=\"14\" style=\" background:#FFF; border:0; border-radius:3px; box-shadow:0 0 1px 0 rgba(0,0,0,0.5),0 1px 10px 0 rgba(0,0,0,0.15); margin: 1px; max-width:658px; min-width:326px; padding:0; width:99.375%; width:-webkit-calc(100% - 2px); width:calc(100% - 2px);\"><p>\n<a href=\"https:\/\/www.instagram.com\/p\/DP3AaFWDqnS\/?utm_source=ig_embed&amp;utm_campaign=loading\" style=\" background:#FFFFFF; line-height:0; padding:0 0; text-align:center; text-decoration:none; width:100%;\" target=\"_blank\" rel=\"nofollow noopener\"><\/p>\n<p>      View this post on Instagram <\/p>\n<p><\/a><\/p>\n<p class=\"text\" style=\" color:#c9c8cd; font-family:Arial,sans-serif; font-size:14px; line-height:17px; margin-bottom:0; margin-top:8px; overflow:hidden; padding:8px 0 7px; text-align:center; text-overflow:ellipsis; white-space:nowrap;\"><a href=\"https:\/\/www.instagram.com\/p\/DP3AaFWDqnS\/?utm_source=ig_embed&amp;utm_campaign=loading\" style=\" color:#c9c8cd; font-family:Arial,sans-serif; font-size:14px; font-style:normal; font-weight:normal; line-height:17px; text-decoration:none;\" target=\"_blank\" rel=\"nofollow noopener\">A post shared by Manifestation Coach | Dream Activator | Dancer (@teresa.espinosa22)<\/a><\/p>\n<\/blockquote>\n<p class=\"text\">O livro de Federline, intitulado You Thought You Knew [Voc\u00ea Achou que Sabia, em tradu\u00e7\u00e3o livre], tem lan\u00e7amento previsto para 21 de outubro, nos Estados Unidos.<\/p>\n<p>                            <script async src=\"\/\/www.instagram.com\/embed.js\"><\/script><\/p>\n","protected":false},"excerpt":{"rendered":"Teresa Espinosa confirma que dan\u00e7ou para Britney e revelou que foi a respons\u00e1vel por apresentar a estrela para&hellip;\n","protected":false},"author":2,"featured_media":123045,"comment_status":"","ping_status":"","sticky":false,"template":"","format":"standard","meta":{"footnotes":""},"categories":[141],"tags":[3599,114,115,149,150,32,33],"class_list":{"0":"post-123044","1":"post","2":"type-post","3":"status-publish","4":"format-standard","5":"has-post-thumbnail","7":"category-musica","8":"tag-britney-spears","9":"tag-entertainment","10":"tag-entretenimento","11":"tag-music","12":"tag-musica","13":"tag-portugal","14":"tag-pt"},"share_on_mastodon":{"url":"https:\/\/pubeurope.com\/@pt\/115423531907686970","error":""},"_links":{"self":[{"href":"https:\/\/www.europesays.com\/pt\/wp-json\/wp\/v2\/posts\/123044","targetHints":{"allow":["GET"]}}],"collection":[{"href":"https:\/\/www.europesays.com\/pt\/wp-json\/wp\/v2\/posts"}],"about":[{"href":"https:\/\/www.europesays.com\/pt\/wp-json\/wp\/v2\/types\/post"}],"author":[{"embeddable":true,"href":"https:\/\/www.europesays.com\/pt\/wp-json\/wp\/v2\/users\/2"}],"replies":[{"embeddable":true,"href":"https:\/\/www.europesays.com\/pt\/wp-json\/wp\/v2\/comments?post=123044"}],"version-history":[{"count":0,"href":"https:\/\/www.europesays.com\/pt\/wp-json\/wp\/v2\/posts\/123044\/revisions"}],"wp:featuredmedia":[{"embeddable":true,"href":"https:\/\/www.europesays.com\/pt\/wp-json\/wp\/v2\/media\/123045"}],"wp:attachment":[{"href":"https:\/\/www.europesays.com\/pt\/wp-json\/wp\/v2\/media?parent=123044"}],"wp:term":[{"taxonomy":"category","embeddable":true,"href":"https:\/\/www.europesays.com\/pt\/wp-json\/wp\/v2\/categories?post=123044"},{"taxonomy":"post_tag","embeddable":true,"href":"https:\/\/www.europesays.com\/pt\/wp-json\/wp\/v2\/tags?post=123044"}],"curies":[{"name":"wp","href":"https:\/\/api.w.org\/{rel}","templated":true}]}}