{"id":123052,"date":"2025-10-23T12:46:11","date_gmt":"2025-10-23T12:46:11","guid":{"rendered":"https:\/\/www.europesays.com\/pt\/123052\/"},"modified":"2025-10-23T12:46:11","modified_gmt":"2025-10-23T12:46:11","slug":"empresas-europeias-concordam-em-juntar-se-para-combater-starlink","status":"publish","type":"post","link":"https:\/\/www.europesays.com\/pt\/123052\/","title":{"rendered":"Empresas europeias concordam em juntar-se para combater Starlink"},"content":{"rendered":"<p>Grupos aeroespaciais europeus revelaram, esta quinta-feira, um acordo inicial para combinar for\u00e7as e combater o crescimento de empresas como a Starlink, da SpaceX.<\/p>\n<p><a target=\"_blank\" href=\"https:\/\/pplware.sapo.pt\/wp-content\/uploads\/2025\/02\/starlink_morreu04.webp\" rel=\"nofollow noopener\"><img fetchpriority=\"high\" decoding=\"async\" src=\"https:\/\/www.europesays.com\/pt\/wp-content\/uploads\/2025\/10\/starlink_morreu04-720x405.webp.webp\" alt=\"Starlink\" width=\"720\" height=\"405\" class=\"aligncenter size-medium wp-image-1041512\"  \/><\/a>\n<\/p>\n<p>Com a Starlink, a SpaceX procura, desde o in\u00edcio, entregar um servi\u00e7o m\u00f3vel e de Internet aos utilizadores de todo o mundo, incluindo aqueles que vivem nas zonas mais remotas e inacess\u00edveis.<\/p>\n<p>A ambi\u00e7\u00e3o pioneira tem conhecido, entretanto, concorrentes, que pretendem evitar um monop\u00f3lio da SpaceX, que det\u00e9m a constela\u00e7\u00e3o de sat\u00e9lites.<\/p>\n<p>Na Europa, <a target=\"_blank\" href=\"https:\/\/pplware.sapo.pt\/high-tech\/italia-avanca-para-a-2-a-fase-do-seu-sistema-nacional-de-satelites\/\" rel=\"nofollow noopener\">It\u00e1lia j\u00e1 avan\u00e7ou<\/a> com a 2.\u00aa fase do seu &#8220;sistema nacional de sat\u00e9lites&#8221;, visando afastar-se da solu\u00e7\u00e3o norte-americana e evitar a depend\u00eancia face a um servi\u00e7o que \u00e9 \u00fatil.<\/p>\n<p>Agora, grupos aeroespaciais europeus <a target=\"_blank\" href=\"https:\/\/www.reuters.com\/business\/aerospace-defense\/europe-firms-agree-satellite-merger-counter-starlink-2025-10-23\/\" rel=\"nofollow noopener\">revelaram<\/a> um acordo inicial para reunir as suas atividades deficit\u00e1rias de fabrica\u00e7\u00e3o de sat\u00e9lites e combinar for\u00e7as, ap\u00f3s meses de negocia\u00e7\u00f5es.<\/p>\n<p>Projeto Bromo da Europa quer combater monop\u00f3lio da Starlink<\/p>\n<p>O acordo junta a Airbus, que deter\u00e1 35%, a Thales e a Leonardo, com 32,5% cada uma, e visa criar uma empresa, a partir de 2027, que operar\u00e1 sob controlo conjunto, &#8220;com uma estrutura de governa\u00e7\u00e3o equilibrada&#8221;.<\/p>\n<p><a target=\"_blank\" href=\"https:\/\/pplware.sapo.pt\/wp-content\/uploads\/2025\/04\/starlink_barata00.webp\" rel=\"nofollow noopener\"><img loading=\"lazy\" decoding=\"async\" src=\"https:\/\/www.europesays.com\/pt\/wp-content\/uploads\/2025\/10\/starlink_barata00-720x405.webp.webp\" alt=\"\" width=\"720\" height=\"405\" class=\"aligncenter size-medium wp-image-1055592\"  \/><\/a><\/p>\n<p>O acordo combinar\u00e1 as atividades de fabrico e servi\u00e7os da Thales Alenia Space e da Telespazio &#8211; duas joint ventures entre a Leonardo e a Thales -, bem como v\u00e1rios neg\u00f3cios espaciais e digitais da Airbus, as restantes atividades espaciais detidas pela Leonardo e pela Thales SESO.<\/p>\n<p>Com o nome de c\u00f3digo Projeto Bromo, o plano est\u00e1 ainda sujeito \u00e0 aprova\u00e7\u00e3o dos reguladores europeus, que ter\u00e3o resistido \u00e0 ideia no passado.<\/p>\n<p>Conforme a informa\u00e7\u00e3o avan\u00e7ada, num comunicado citado pela imprensa internacional, a nova entidade, ainda sem nome, empregar\u00e1 25.000 pessoas em toda a Europa, com receitas anuais de 6,5 mil milh\u00f5es de euros, com base nos n\u00fameros de 2024.<\/p>\n<p>Esta parceria espacial dever\u00e1 gerar sinergias de &#8220;centenas de milh\u00f5es&#8221; de euros em receitas operacionais por ano, a partir do quinto ano, segundo as estimativas das empresas.<\/p>\n<p>As negocia\u00e7\u00f5es entre os tr\u00eas grupos aeroespaciais come\u00e7aram no ano passado, numa tentativa de copiar o modelo de coopera\u00e7\u00e3o da fabricante europeia de m\u00edsseis MBDA, que \u00e9 propriedade da Airbus, Leonardo e BAE Systems.<\/p>\n<p>Segundo os diretores-executivos dos tr\u00eas grupos, no mesmo comunicado, esta fus\u00e3o ajudar\u00e1 os governos a garantir &#8220;a autonomia da Europa no dom\u00ednio espacial estrat\u00e9gico&#8221;.<\/p>\n<p>\u00a0<\/p>\n","protected":false},"excerpt":{"rendered":"Grupos aeroespaciais europeus revelaram, esta quinta-feira, um acordo inicial para combinar for\u00e7as e combater o crescimento de empresas&hellip;\n","protected":false},"author":2,"featured_media":123053,"comment_status":"","ping_status":"","sticky":false,"template":"","format":"standard","meta":{"footnotes":""},"categories":[83],"tags":[88,89,90,445,549,32,33,587,4109],"class_list":{"0":"post-123052","1":"post","2":"type-post","3":"status-publish","4":"format-standard","5":"has-post-thumbnail","7":"category-empresas","8":"tag-business","9":"tag-economy","10":"tag-empresas","11":"tag-europa","12":"tag-internet","13":"tag-portugal","14":"tag-pt","15":"tag-satelites","16":"tag-starlink"},"share_on_mastodon":{"url":"https:\/\/pubeurope.com\/@pt\/115423555798207108","error":""},"_links":{"self":[{"href":"https:\/\/www.europesays.com\/pt\/wp-json\/wp\/v2\/posts\/123052","targetHints":{"allow":["GET"]}}],"collection":[{"href":"https:\/\/www.europesays.com\/pt\/wp-json\/wp\/v2\/posts"}],"about":[{"href":"https:\/\/www.europesays.com\/pt\/wp-json\/wp\/v2\/types\/post"}],"author":[{"embeddable":true,"href":"https:\/\/www.europesays.com\/pt\/wp-json\/wp\/v2\/users\/2"}],"replies":[{"embeddable":true,"href":"https:\/\/www.europesays.com\/pt\/wp-json\/wp\/v2\/comments?post=123052"}],"version-history":[{"count":0,"href":"https:\/\/www.europesays.com\/pt\/wp-json\/wp\/v2\/posts\/123052\/revisions"}],"wp:featuredmedia":[{"embeddable":true,"href":"https:\/\/www.europesays.com\/pt\/wp-json\/wp\/v2\/media\/123053"}],"wp:attachment":[{"href":"https:\/\/www.europesays.com\/pt\/wp-json\/wp\/v2\/media?parent=123052"}],"wp:term":[{"taxonomy":"category","embeddable":true,"href":"https:\/\/www.europesays.com\/pt\/wp-json\/wp\/v2\/categories?post=123052"},{"taxonomy":"post_tag","embeddable":true,"href":"https:\/\/www.europesays.com\/pt\/wp-json\/wp\/v2\/tags?post=123052"}],"curies":[{"name":"wp","href":"https:\/\/api.w.org\/{rel}","templated":true}]}}