{"id":123054,"date":"2025-10-23T12:47:16","date_gmt":"2025-10-23T12:47:16","guid":{"rendered":"https:\/\/www.europesays.com\/pt\/123054\/"},"modified":"2025-10-23T12:47:16","modified_gmt":"2025-10-23T12:47:16","slug":"eua-atacam-mais-um-barco-de-narcotrafico-na-america-do-sul-observador","status":"publish","type":"post","link":"https:\/\/www.europesays.com\/pt\/123054\/","title":{"rendered":"EUA atacam mais um barco de &#8220;narcotr\u00e1fico&#8221; na Am\u00e9rica do Sul \u2013 Observador"},"content":{"rendered":"<p>As for\u00e7as norte-americanas atacaram mais um barco junto \u00e0 costa da Am\u00e9rica do Sul, anunciou o secret\u00e1rio de Defesa dos EUA, Pete Hegseth. Ao contr\u00e1rio das \u00faltimas opera\u00e7\u00f5es feitas junto \u00e0 costa da Venezuela, esta decorreu junto \u00e0 costa do Oceano Pac\u00edfico, disse o governante, que acrescentou que os dois homens que seguiam a bordo da embarca\u00e7\u00e3o ter\u00e3o morrido.<\/p>\n<p>Segundo Hegseth, o navio era \u201coperado por uma Organiza\u00e7\u00e3o Terrorista Designada e envolvido no tr\u00e1fico de drogas no Pac\u00edfico Oriental\u201d.<\/p>\n<p>\u201cA embarca\u00e7\u00e3o era conhecida pelos nossos servi\u00e7os secretos por <strong>estar envolvida no contrabando il\u00edcito de narc\u00f3ticos<\/strong>, estava a transitar por uma rota conhecida de tr\u00e1fico de drogas e transportava narc\u00f3ticos\u201d, acrescentou, assegurando que a opera\u00e7\u00e3o decorreu \u201c<strong>em \u00e1guas internacionais<\/strong>\u201c.<\/p>\n<blockquote class=\"twitter-tweet\" data-width=\"500\" data-dnt=\"true\">\n<p lang=\"en\" dir=\"ltr\">Yesterday, at the direction of President Trump, the Department of War conducted a lethal kinetic strike on a vessel being operated by a Designated Terrorist Organization and conducting narco-trafficking in the Eastern Pacific. <\/p>\n<p>The vessel was known by our intelligence to be\u2026 <a href=\"https:\/\/t.co\/BayDhUZ4Ac\" rel=\"nofollow\">pic.twitter.com\/BayDhUZ4Ac<\/a><\/p>\n<p>\u2014 Secretary of War Pete Hegseth (@SecWar) <a href=\"https:\/\/twitter.com\/SecWar\/status\/1981049943306752361?ref_src=twsrc%5Etfw\" rel=\"nofollow noopener\" target=\"_blank\">October 22, 2025<\/a><\/p>\n<\/blockquote>\n<p>O ataque \u00e9 o oitavo deste g\u00e9nero realizado na Am\u00e9rica do Sul e o primeiro que n\u00e3o ocorre no Mar das Cara\u00edbas. At\u00e9 agora todos os ataques tinham sido ao largo da costa da Venezuela, pa\u00eds que Trump acusa de ser promotor de narcotr\u00e1fico.<\/p>\n<p>Um representante da defesa norte-americana<a href=\"https:\/\/www.cbsnews.com\/news\/u-s-strikes-8th-drug-vessel-pacific-side\/\" rel=\"nofollow noopener\" target=\"_blank\"> confirmou \u00e0 CBS News<\/a> que o barco navegava em \u00e1guas internacionais ao largo da costa da Col\u00f4mbia. Recentemente, o Presidente colombiano, Gustavo Petro, esteve tamb\u00e9m sob <a href=\"https:\/\/observador.pt\/2025\/10\/19\/trump-corta-apoios-e-subsidios-a-colombia-e-acusa-o-seu-presidente-de-traficante-de-droga\/\" rel=\"nofollow noopener\" target=\"_blank\">ataque do l\u00edder dos EUA<\/a> ap\u00f3s denunciar as opera\u00e7\u00f5es ao largo da Venezuela.<\/p>\n<p>\u201cO Presidente Gustavo Petro, da Col\u00f4mbia, \u00e9 <strong>um l\u00edder do tr\u00e1fico ilegal de drogas<\/strong> que incentiva fortemente a produ\u00e7\u00e3o em massa de drogas, em campos grandes e pequenos, por toda a Col\u00f4mbia\u201d, acusou Trump na rede social Truth Social.<\/p>\n<blockquote class=\"twitter-tweet\" data-width=\"500\" data-dnt=\"true\">\n<p lang=\"en\" dir=\"ltr\">Donald J. Trump Truth Social Post 09:58 AM EST 10\/19\/25 <\/p>\n<p>President Gustavo Petro, of Colombia, is an illegal drug leader strongly encouraging the massive production of drugs, in big and small fields, all over Colombia. It has become the biggest business in Colombia, by far, and\u2026<\/p>\n<p>\u2014 Commentary Donald J. Trump Posts From Truth Social (@TrumpDailyPosts) <a href=\"https:\/\/twitter.com\/TrumpDailyPosts\/status\/1979944226080305251?ref_src=twsrc%5Etfw\" rel=\"nofollow noopener\" target=\"_blank\">October 19, 2025<\/a><\/p>\n<\/blockquote>\n<p>\u201cTornou-se, de longe, o maior neg\u00f3cio da Col\u00f4mbia, e Petro nada faz para impedir isso, <strong>apesar dos pagamentos e subs\u00eddios em grande escala dos EUA<\/strong>, que nada mais s\u00e3o do que uma fraude de longo prazo contra a Am\u00e9rica\u201d, alegou ainda.<\/p>\n<p><strong>[A 14 de janeiro de 1986 um acontecimento muda o rumo da campanha das presidenciais: a inesperada agress\u00e3o a Soares na Marinha Grande. Nas urnas, o socialista e Zenha lutam por um lugar na segunda volta frente a Freitas.\u00a0<\/strong><strong>A\u00a0<a href=\"https:\/\/observador.pt\/programas\/a-eleio-mais-louca-de-sempre\/episodio-4-portugal-nao-e-moscovo\/\" rel=\"nofollow noopener\" target=\"_blank\">\u201cElei\u00e7\u00e3o Mais Louca de Sempre\u201d<\/a>\u00a0\u00e9 o novo Podcast Plus do Observador sobre as Presidenciais de 1986. Uma s\u00e9rie narrada pelo ator Gon\u00e7alo Waddington, com banda sonora original de Samuel \u00daria. Pode ouvir\u00a0<a href=\"https:\/\/observador.pt\/programas\/a-eleio-mais-louca-de-sempre\/episodio-4-portugal-nao-e-moscovo\/\" rel=\"nofollow noopener\" target=\"_blank\">aqui<\/a>, no\u00a0Observador, e tamb\u00e9m na\u00a0<a href=\"https:\/\/podcasts.apple.com\/pt\/podcast\/epis%C3%B3dio-4-portugal-n%C3%A3o-%C3%A9-moscovo\/id1841273464?i=1000732704045\" rel=\"nofollow noopener\" target=\"_blank\">Apple Podcasts<\/a>, no\u00a0<a href=\"https:\/\/open.spotify.com\/episode\/2SQPr5qiggrruRId3AGmaa?si=4da7e55fbfa04153\" rel=\"nofollow noopener\" target=\"_blank\">Spotify<\/a>\u00a0e no\u00a0<a href=\"https:\/\/music.youtube.com\/watch?v=lwRI8iL_ZKI&amp;si=LeJjFBTc0_lsQ8FS\" rel=\"nofollow noopener\" target=\"_blank\">Youtube Music<\/a>. E pode ouvir o primeiro epis\u00f3dio\u00a0<a href=\"https:\/\/observador.pt\/programas\/a-eleio-mais-louca-de-sempre\/estreia-a-eleicao-mais-louca-de-sempre-episodio-1-apostamos-no-cavalo-errado\/\" rel=\"nofollow noopener\" target=\"_blank\">aqui<\/a>, o segundo\u00a0<a href=\"https:\/\/observador.pt\/programas\/a-eleio-mais-louca-de-sempre\/episodio-2-uma-traicao-inesperada\/\" rel=\"nofollow noopener\" target=\"_blank\">aqui<\/a>\u00a0e o terceiro\u00a0<a href=\"https:\/\/observador.pt\/programas\/a-eleio-mais-louca-de-sempre\/episodio-3-ele-nao-e-meu-irmao\/\" rel=\"nofollow noopener\" target=\"_blank\">aqui<\/a>.]<\/strong><\/p>\n<p><a href=\"https:\/\/observador.pt\/programas\/a-eleio-mais-louca-de-sempre\/episodio-4-portugal-nao-e-moscovo\/\" rel=\"nofollow noopener\" target=\"_blank\"><\/p>\n<p>        <img src=\"https:\/\/www.europesays.com\/pt\/wp-content\/uploads\/2025\/10\/770-a-eleicao-mais-louca-de-sempre-playicon.png\" alt=\"\" loading=\"lazy\" decoding=\"async\" class=\"alignnone\" onload=\"this.parentElement.classList.remove('spinner')\" onerror=\"this.parentElement.classList.remove('spinner')\" width=\"770\" height=\"433\"\/>    <\/p>\n<p><\/a><\/p>\n<p>                    <strong>Tem um minuto?<\/strong><br \/>O Observador est\u00e1 a realizar junto dos seus leitores um curto estudo de apenas quatro perguntas. <a href=\"https:\/\/observador.typeform.com\/to\/DnJJ0FZQ\" target=\"_blank\" style=\"text-decoration: underline; color:#262626;\" rel=\"nofollow noopener\">Responda aqui<\/a>.<\/p>\n<p>            <script async src=\"https:\/\/platform.twitter.com\/widgets.js\" charset=\"utf-8\"><\/script><\/p>\n","protected":false},"excerpt":{"rendered":"As for\u00e7as norte-americanas atacaram mais um barco junto \u00e0 costa da Am\u00e9rica do Sul, anunciou o secret\u00e1rio de&hellip;\n","protected":false},"author":2,"featured_media":123055,"comment_status":"","ping_status":"","sticky":false,"template":"","format":"standard","meta":{"footnotes":""},"categories":[50],"tags":[624,27,28,7655,604,623,15,16,14,25,26,21,22,62,12,13,19,20,23,24,58,17,18,6995,29,30,31,63,64,65],"class_list":{"0":"post-123054","1":"post","2":"type-post","3":"status-publish","4":"format-standard","5":"has-post-thumbnail","7":"category-mundo","8":"tag-amu00e9rica","9":"tag-breaking-news","10":"tag-breakingnews","11":"tag-colu00f4mbia","12":"tag-crime","13":"tag-estados-unidos-da-amu00e9rica","14":"tag-featured-news","15":"tag-featurednews","16":"tag-headlines","17":"tag-latest-news","18":"tag-latestnews","19":"tag-main-news","20":"tag-mainnews","21":"tag-mundo","22":"tag-news","23":"tag-noticias","24":"tag-noticias-principais","25":"tag-noticiasprincipais","26":"tag-principais-noticias","27":"tag-principaisnoticias","28":"tag-sociedade","29":"tag-top-stories","30":"tag-topstories","31":"tag-tru00e1fico-de-droga","32":"tag-ultimas","33":"tag-ultimas-noticias","34":"tag-ultimasnoticias","35":"tag-world","36":"tag-world-news","37":"tag-worldnews"},"share_on_mastodon":{"url":"https:\/\/pubeurope.com\/@pt\/115423559320073649","error":""},"_links":{"self":[{"href":"https:\/\/www.europesays.com\/pt\/wp-json\/wp\/v2\/posts\/123054","targetHints":{"allow":["GET"]}}],"collection":[{"href":"https:\/\/www.europesays.com\/pt\/wp-json\/wp\/v2\/posts"}],"about":[{"href":"https:\/\/www.europesays.com\/pt\/wp-json\/wp\/v2\/types\/post"}],"author":[{"embeddable":true,"href":"https:\/\/www.europesays.com\/pt\/wp-json\/wp\/v2\/users\/2"}],"replies":[{"embeddable":true,"href":"https:\/\/www.europesays.com\/pt\/wp-json\/wp\/v2\/comments?post=123054"}],"version-history":[{"count":0,"href":"https:\/\/www.europesays.com\/pt\/wp-json\/wp\/v2\/posts\/123054\/revisions"}],"wp:featuredmedia":[{"embeddable":true,"href":"https:\/\/www.europesays.com\/pt\/wp-json\/wp\/v2\/media\/123055"}],"wp:attachment":[{"href":"https:\/\/www.europesays.com\/pt\/wp-json\/wp\/v2\/media?parent=123054"}],"wp:term":[{"taxonomy":"category","embeddable":true,"href":"https:\/\/www.europesays.com\/pt\/wp-json\/wp\/v2\/categories?post=123054"},{"taxonomy":"post_tag","embeddable":true,"href":"https:\/\/www.europesays.com\/pt\/wp-json\/wp\/v2\/tags?post=123054"}],"curies":[{"name":"wp","href":"https:\/\/api.w.org\/{rel}","templated":true}]}}