{"id":123056,"date":"2025-10-23T12:49:15","date_gmt":"2025-10-23T12:49:15","guid":{"rendered":"https:\/\/www.europesays.com\/pt\/123056\/"},"modified":"2025-10-23T12:49:15","modified_gmt":"2025-10-23T12:49:15","slug":"hospitais-escolas-e-outros-servicos-publicos-em-greve-esta-quinta-feira-sindicatos","status":"publish","type":"post","link":"https:\/\/www.europesays.com\/pt\/123056\/","title":{"rendered":"Hospitais, escolas e outros servi\u00e7os p\u00fablicos em greve esta quinta-feira | Sindicatos"},"content":{"rendered":"<p>O Sindicato dos Trabalhadores dos Servi\u00e7os e Entidades com Fins P\u00fablicos tem uma greve convocada para esta quinta-feira, 23 de Outubro, que abrange os trabalhadores do Servi\u00e7o Nacional de Sa\u00fade, assim como o Sindicato dos Trabalhadores do Estado, que inclui pessoal n\u00e3o docente nas escolas.<\/p>\n<p>As <a href=\"https:\/\/www.publico.pt\/2025\/10\/20\/economia\/noticia\/inspetores-fisco-aderem-greve-funcao-publica-sextafeira-2151467\" rel=\"nofollow noopener\" target=\"_blank\">paralisa\u00e7\u00f5es <\/a>dever\u00e3o ter impacto em v\u00e1rios servi\u00e7os.<\/p>\n<p>A greve que abrange os <a href=\"https:\/\/www.publico.pt\/2025\/10\/21\/sociedade\/noticia\/fogem-profissionais-sns-faltam-meios-carreiras-sao-atractivas-horarios-sobrecarregados-2150759\" rel=\"nofollow noopener\" target=\"_blank\">trabalhadores da sa\u00fade<\/a> visa reivindicar medidas urgentes para valorizar as carreiras, como a reposi\u00e7\u00e3o de pontos para progress\u00e3o remunerat\u00f3ria.<\/p>\n<p>Est\u00e1 tamb\u00e9m no caderno <a href=\"https:\/\/www.publico.pt\/2025\/10\/17\/sociedade\/noticia\/greve-enfermeiros-adesao-total-bloco-operatorio-hospital-santa-maria-2151185\" rel=\"nofollow noopener\" target=\"_blank\">reivindicativo <\/a>a contrata\u00e7\u00e3o de pessoal efectivo, para acabar com &#8220;o uso abusivo de turnos suplementares e jornadas de 16 horas consecutivas&#8221;.<\/p>\n<p><a href=\"https:\/\/www.publico.pt\/sindicatos\" rel=\"nofollow noopener\" target=\"_blank\">O sindicato<\/a> reclama tamb\u00e9m um subs\u00eddio de risco para t\u00e9cnicos auxiliares de sa\u00fade e enfermagem e exige o fim do banco de horas e do banco de horas grupal por ades\u00e3o t\u00e1cita, que afirma desregular a vida dos trabalhadores e beneficiar apenas os empregadores.<\/p>\n<p>A greve abrange todos os <a href=\"https:\/\/www.publico.pt\/2025\/10\/16\/sociedade\/noticia\/federacao-medicos-convoca-greve-nacional-24-outubro-2151056\" rel=\"nofollow noopener\" target=\"_blank\">trabalhadores da sa\u00fade<\/a>, incluindo hospitais, centros de sa\u00fade, institutos p\u00fablicos e entidades privadas com contratos com o <a href=\"https:\/\/www.publico.pt\/sns\" rel=\"nofollow noopener\" target=\"_blank\">SNS<\/a>.<\/p>\n<p>J\u00e1 a greve decretada pelo <a href=\"https:\/\/www.publico.pt\/2025\/10\/22\/sociedade\/noticia\/sao-precisos-baldes-conter-chuva-principal-tribunal-criminal-porto-2151717\" rel=\"nofollow noopener\" target=\"_blank\">Sindicato dos Trabalhadores do Estado<\/a> (STMO), entre as 0h e as 24h, tem por objectivo exigir uma actualiza\u00e7\u00e3o salarial intercalar que tenha por base a taxa de infla\u00e7\u00e3o at\u00e9 ao terceiro trimestre de 2025, entre outras medidas.<\/p>\n<p>Os trabalhadores pretendem a cria\u00e7\u00e3o de um cart\u00e3o de refei\u00e7\u00e3o, com um valor di\u00e1rio de 12 euros, isento de imposto e insistem numa carreira espec\u00edfica de t\u00e9cnico auxiliar de educa\u00e7\u00e3o.<\/p>\n","protected":false},"excerpt":{"rendered":"O Sindicato dos Trabalhadores dos Servi\u00e7os e Entidades com Fins P\u00fablicos tem uma greve convocada para esta quinta-feira,&hellip;\n","protected":false},"author":2,"featured_media":123057,"comment_status":"","ping_status":"","sticky":false,"template":"","format":"standard","meta":{"footnotes":""},"categories":[8],"tags":[27,28,476,15,16,1322,14,2648,25,26,21,22,1703,12,13,19,20,32,23,24,33,117,850,2393,17,18,29,30,31],"class_list":{"0":"post-123056","1":"post","2":"type-post","3":"status-publish","4":"format-standard","5":"has-post-thumbnail","7":"category-principais-noticias","8":"tag-breaking-news","9":"tag-breakingnews","10":"tag-economia","11":"tag-featured-news","12":"tag-featurednews","13":"tag-greve","14":"tag-headlines","15":"tag-hospitais","16":"tag-latest-news","17":"tag-latestnews","18":"tag-main-news","19":"tag-mainnews","20":"tag-ministerio-da-saude","21":"tag-news","22":"tag-noticias","23":"tag-noticias-principais","24":"tag-noticiasprincipais","25":"tag-portugal","26":"tag-principais-noticias","27":"tag-principaisnoticias","28":"tag-pt","29":"tag-saude","30":"tag-servico-nacional-de-saude","31":"tag-sindicatos","32":"tag-top-stories","33":"tag-topstories","34":"tag-ultimas","35":"tag-ultimas-noticias","36":"tag-ultimasnoticias"},"share_on_mastodon":{"url":"https:\/\/pubeurope.com\/@pt\/115423567314951157","error":""},"_links":{"self":[{"href":"https:\/\/www.europesays.com\/pt\/wp-json\/wp\/v2\/posts\/123056","targetHints":{"allow":["GET"]}}],"collection":[{"href":"https:\/\/www.europesays.com\/pt\/wp-json\/wp\/v2\/posts"}],"about":[{"href":"https:\/\/www.europesays.com\/pt\/wp-json\/wp\/v2\/types\/post"}],"author":[{"embeddable":true,"href":"https:\/\/www.europesays.com\/pt\/wp-json\/wp\/v2\/users\/2"}],"replies":[{"embeddable":true,"href":"https:\/\/www.europesays.com\/pt\/wp-json\/wp\/v2\/comments?post=123056"}],"version-history":[{"count":0,"href":"https:\/\/www.europesays.com\/pt\/wp-json\/wp\/v2\/posts\/123056\/revisions"}],"wp:featuredmedia":[{"embeddable":true,"href":"https:\/\/www.europesays.com\/pt\/wp-json\/wp\/v2\/media\/123057"}],"wp:attachment":[{"href":"https:\/\/www.europesays.com\/pt\/wp-json\/wp\/v2\/media?parent=123056"}],"wp:term":[{"taxonomy":"category","embeddable":true,"href":"https:\/\/www.europesays.com\/pt\/wp-json\/wp\/v2\/categories?post=123056"},{"taxonomy":"post_tag","embeddable":true,"href":"https:\/\/www.europesays.com\/pt\/wp-json\/wp\/v2\/tags?post=123056"}],"curies":[{"name":"wp","href":"https:\/\/api.w.org\/{rel}","templated":true}]}}