{"id":123062,"date":"2025-10-23T12:56:16","date_gmt":"2025-10-23T12:56:16","guid":{"rendered":"https:\/\/www.europesays.com\/pt\/123062\/"},"modified":"2025-10-23T12:56:16","modified_gmt":"2025-10-23T12:56:16","slug":"andre-franco-operado-a-rotura-de-ligamentos-no-joelho-direito","status":"publish","type":"post","link":"https:\/\/www.europesays.com\/pt\/123062\/","title":{"rendered":"Andr\u00e9 Franco operado a rotura de ligamentos no joelho direito"},"content":{"rendered":"<p>O futebolista Andr\u00e9 Franco foi operado, esta quarta-feira, a uma <a href=\"https:\/\/maisfutebol.iol.pt\/made-in\/andre-franco\/andre-franco-sofre-lesao-grave-a-vida-decidiu-testar-me\" target=\"_blank\" rel=\"nofollow noopener\"><strong>rotura de ligamentos no joelho direito, sofrida h\u00e1 tr\u00eas semanas<\/strong><\/a>, na vit\u00f3ria do Chicago Fire ante o Inter Miami, para a Major League Soccer (MLS), por 5-3.<\/p>\n<p>\u00abHoje fui submetido a uma cirurgia no meu joelho direito, a uma rotura no ligamento cruzado anterior, no Surgery Center of The Pacific, em Santa M\u00f3nica, Calif\u00f3rnia. A cirurgia decorreu bem e agora \u00e9 tempo de focar-me no processo de recupera\u00e7\u00e3o\u00bb, pode ler-se, na mensagem de Andr\u00e9 Franco, atrav\u00e9s do Instgram.<\/p>\n<p>\u00abOs meus pensamentos est\u00e3o com os meus colegas de equipa, que est\u00e3o prestes a ter um jogo muito importante. Obrigado por todas as mensagens e pelo apoio: significam muito. Vou trabalhar arduamente a cada dia, para voltar mais forte\u00bb, concluiu o antigo jogador de FC Porto, Estoril e Sporting, que tamb\u00e9m passou pelo Belenenses, nos juniores, e que est\u00e1 cedido \u2013 com op\u00e7\u00e3o de compra \u2013 aos norte-americanos.<\/p>\n<p>Andr\u00e9 Franco, que vai falhar o resto da \u00e9poca na MLS, fez seis jogos e quatro assist\u00eancias pelo Chicago Fire desde que chegou ao clube, em agosto.<\/p>\n<p>Conclu\u00edda a fase regular da MLS, o Chicago Fire, nono do grupo Este, defronta o Orlando City, oitavo, ainda na noite desta ter\u00e7a-feira (j\u00e1 madrugada de quarta-feira em Portugal Continental, 01h30). \u00c9 um duelo de play-off para definir quem segue em frente no campeonato.<\/p>\n","protected":false},"excerpt":{"rendered":"O futebolista Andr\u00e9 Franco foi operado, esta quarta-feira, a uma rotura de ligamentos no joelho direito, sofrida h\u00e1&hellip;\n","protected":false},"author":2,"featured_media":123063,"comment_status":"","ping_status":"","sticky":false,"template":"","format":"standard","meta":{"footnotes":""},"categories":[87],"tags":[9492,9493,135,3312,436,46,32,33,47,28462,134],"class_list":{"0":"post-123062","1":"post","2":"type-post","3":"status-publish","4":"format-standard","5":"has-post-thumbnail","7":"category-desporto","8":"tag-andre-franco","9":"tag-chicago-fire","10":"tag-desporto","11":"tag-lesoes","12":"tag-made-in","13":"tag-maisfutebol","14":"tag-portugal","15":"tag-pt","16":"tag-pura-paixao","17":"tag-rotura-de-ligamentos","18":"tag-sports"},"share_on_mastodon":{"url":"https:\/\/pubeurope.com\/@pt\/115423594754233398","error":""},"_links":{"self":[{"href":"https:\/\/www.europesays.com\/pt\/wp-json\/wp\/v2\/posts\/123062","targetHints":{"allow":["GET"]}}],"collection":[{"href":"https:\/\/www.europesays.com\/pt\/wp-json\/wp\/v2\/posts"}],"about":[{"href":"https:\/\/www.europesays.com\/pt\/wp-json\/wp\/v2\/types\/post"}],"author":[{"embeddable":true,"href":"https:\/\/www.europesays.com\/pt\/wp-json\/wp\/v2\/users\/2"}],"replies":[{"embeddable":true,"href":"https:\/\/www.europesays.com\/pt\/wp-json\/wp\/v2\/comments?post=123062"}],"version-history":[{"count":0,"href":"https:\/\/www.europesays.com\/pt\/wp-json\/wp\/v2\/posts\/123062\/revisions"}],"wp:featuredmedia":[{"embeddable":true,"href":"https:\/\/www.europesays.com\/pt\/wp-json\/wp\/v2\/media\/123063"}],"wp:attachment":[{"href":"https:\/\/www.europesays.com\/pt\/wp-json\/wp\/v2\/media?parent=123062"}],"wp:term":[{"taxonomy":"category","embeddable":true,"href":"https:\/\/www.europesays.com\/pt\/wp-json\/wp\/v2\/categories?post=123062"},{"taxonomy":"post_tag","embeddable":true,"href":"https:\/\/www.europesays.com\/pt\/wp-json\/wp\/v2\/tags?post=123062"}],"curies":[{"name":"wp","href":"https:\/\/api.w.org\/{rel}","templated":true}]}}