{"id":123066,"date":"2025-10-23T12:58:17","date_gmt":"2025-10-23T12:58:17","guid":{"rendered":"https:\/\/www.europesays.com\/pt\/123066\/"},"modified":"2025-10-23T12:58:17","modified_gmt":"2025-10-23T12:58:17","slug":"como-usar-a-funcionalidade-inteligencia-visual-no-seu-iphone-com-ios-26","status":"publish","type":"post","link":"https:\/\/www.europesays.com\/pt\/123066\/","title":{"rendered":"Como usar a funcionalidade Intelig\u00eancia visual no seu iPhone com iOS\u202f26"},"content":{"rendered":"<p>Com a chegada do iOS 26, a Apple introduziu uma nova ferramenta de intelig\u00eancia artificial chamada Visual Intelligence, em portugu\u00eas, Intelig\u00eancia visual, integrada no conjunto Apple\u202fIntelligence. Este artigo explica o que esta funcionalidade permite fazer, que dispositivos s\u00e3o compat\u00edveis e como utiliz\u00e1-la passo a passo.<\/p>\n<p><a target=\"_blank\" href=\"https:\/\/pplware.sapo.pt\/wp-content\/uploads\/2025\/10\/inteligencia_visual00.webp\" rel=\"nofollow noopener\"><img fetchpriority=\"high\" decoding=\"async\" src=\"https:\/\/www.europesays.com\/pt\/wp-content\/uploads\/2025\/10\/inteligencia_visual00-720x405.webp.webp\" alt=\"Imagem Intelig\u00eancia visual no iPhone 17 Pro Max\" width=\"720\" height=\"405\" class=\"aligncenter wp-image-1084643 size-medium\"  \/><\/a><\/p>\n<p>Dispositivos compat\u00edveis<\/p>\n<p>Para poder usar a Intelig\u00eancia visual, <strong>precisa de ter um iPhone compat\u00edvel com Apple Intelligence <\/strong>(para Portugal \u00e9 necess\u00e1ria a <a target=\"_blank\" href=\"https:\/\/pplware.sapo.pt\/apple\/ios-26-1-beta-4-a-apple-continua-a-refinar-o-seu-sistema\/\" rel=\"nofollow noopener\">vers\u00e3o iOS 26.1<\/a>). S\u00e3o <a target=\"_blank\" href=\"https:\/\/support.apple.com\/pt-pt\/guide\/iphone\/aside\/iph345af6a5d\/26\/ios\/26\" rel=\"nofollow noopener\">suportados<\/a> os seguintes modelos: iPhone\u202f15\u202fPro ou iPhone 15 Pro Max, qualquer modelo da s\u00e9rie iPhone\u202f16 ou iPhone\u202f17, ou ainda o iPhone Air.<\/p>\n<p>Se tiver estes requisitos e o iOS 26 instalado, pode avan\u00e7ar para explorar as capacidades da ferramenta.<\/p>\n<p>\u00a0<\/p>\n<p>O que permite fazer<\/p>\n<p>A Intelig\u00eancia visual permite analisar o que aparece no ecr\u00e3 ou o que a sua c\u00e2mara est\u00e1 a ver.<\/p>\n<p><strong>Algumas das funcionalidades incluem:<\/strong><\/p>\n<ul>\n<li>Identificar objetos, locais ou pessoas numa imagem ou cen\u00e1rio.<\/li>\n<li>Extrair texto de capturas de ecr\u00e3 e, por exemplo, oferecer a op\u00e7\u00e3o de \u201cAdicionar ao calend\u00e1rio\u201d quando deteta data\/ hora.<\/li>\n<li>Pedir \u00e0 intelig\u00eancia artificial (por exemplo, via ChatGPT) para explicar ou detalhar o que v\u00ea.<\/li>\n<li>Realizar pesquisas visuais para encontrar imagens similares online ou identificar objetos espec\u00edficos.<\/li>\n<li>Em alguns casos: Ler em voz alta, traduzir, ou fazer \u201cLook Up\u201d (quando for um logotipo, animal ou planta reconhec\u00edvel).<\/li>\n<\/ul>\n<p><strong>Como usar com capturas de ecr\u00e3<\/strong><\/p>\n<ul>\n<li>Pressione simultaneamente o bot\u00e3o de volume + e o bot\u00e3o lateral para tirar uma captura de ecr\u00e3.<\/li>\n<li>Depois da captura, surgem op\u00e7\u00f5es na parte inferior: <strong>Perguntar<\/strong>\u00a0e <strong>Pesquisar<\/strong>.\n<ul>\n<li>A op\u00e7\u00e3o Perguntar permite questionar a IA sobre o que est\u00e1 vis\u00edvel na imagem, por exemplo qual \u00e9 o edif\u00edcio ou que marca \u00e9 mostrada.<\/li>\n<li>A op\u00e7\u00e3o Pesquisar mostra imagens similares via pesquisa visual; pode ainda desenhar com o dedo para focar parte da imagem.<\/li>\n<\/ul>\n<\/li>\n<li>Se for detetada data\/ hora ou localiza\u00e7\u00e3o, pode aparecer um bot\u00e3o \u201cAdicionar ao Calend\u00e1rio\u201d para agendar o evento.<\/li>\n<li>Se for detetado um endere\u00e7o web, permite fazer link logo a partir da imagem.<\/li>\n<li>Quando terminar, pode guardar a captura ou descart\u00e1-la usando os \u00edcones (check ou cruz).<\/li>\n<\/ul>\n<p>Se preferir n\u00e3o ver a pr\u00e9-visualiza\u00e7\u00e3o em ecr\u00e3 completo sempre que tirar uma captura, pode desativar em: <strong>Defini\u00e7\u00f5es<\/strong> &gt; <strong>Geral<\/strong> &gt; <strong>Captura de ecr\u00e3<\/strong> &gt; <strong>Pr\u00e9-visualiza\u00e7\u00f5es em ecr\u00e3 completo<\/strong>.<\/p>\n<p>Como usar com a c\u00e2mara em tempo real<\/p>\n<ol>\n<li>Abra a aplica\u00e7\u00e3o \u201cC\u00e2mara\u201d no iPhone. Em alguns modelos (iPhone 15 Pro, Pro Max ou 16e) use tamb\u00e9m o bot\u00e3o <a target=\"_blank\" href=\"https:\/\/support.apple.com\/pt-pt\/guide\/iphone\/iph0c397b154\/ios\" rel=\"nofollow noopener\">controlo da c\u00e2mara<\/a> ou at\u00e9 pode usar o bot\u00e3o de A\u00e7\u00e3o. Tamb\u00e9m tem \u00e0 disposi\u00e7\u00e3o o <strong>\u00edcone de Intelig\u00eancia visual na Central de controlo<\/strong>.<\/li>\n<li>\u00a0No modo Intelig\u00eancia visual aparecem tr\u00eas bot\u00f5es na zona inferior: Perguntar, Capturar e Procurar.\n<ol>\n<li><strong>Perguntar:<\/strong> pergunte \u00e0 IA o que est\u00e1 a ver, por ex., leia o r\u00f3tulo de uma garrafa de vinho e pe\u00e7a sugest\u00f5es de acompanhamento.<\/li>\n<li><strong>Capturar<\/strong>: tirar uma foto para posterior an\u00e1lise (texto, identifica\u00e7\u00e3o, etc.).<\/li>\n<li><strong>Pesquisar<\/strong>: fazer uma pesquisa visual para encontrar imagens ou identificar objeto\/animal\/planta.<\/li>\n<\/ol>\n<\/li>\n<li>Pode tamb\u00e9m usar o atalho no ecr\u00e3 de bloqueio ou adicionar o \u00edcone \u00e0 Central de Controlo pr\u00e9-configurando-o nas defini\u00e7\u00f5es do ecr\u00e3 de bloqueio.<\/li>\n<\/ol>\n<p><strong>Exemplos pr\u00e1ticos de utiliza\u00e7\u00e3o<\/strong><\/p>\n<ul>\n<li>Apontar a c\u00e2mara para um cartaz de concerto: a Intelig\u00eancia visual pode detetar a data e permitir \u201cAdicionar ao Calend\u00e1rio\u201d.<\/li>\n<li>Tirar uma foto de uma planta desconhecida e receber informa\u00e7\u00e3o sobre a esp\u00e9cie.<\/li>\n<li>Tirar uma captura de ecr\u00e3 de uma bicicleta que viu online e usar Procurar para descobrir pre\u00e7o ou onde compr\u00e1-la.<\/li>\n<li>Fotografar o r\u00f3tulo de um vinho e pedir \u00e0 IA sugest\u00f5es de pratos para acompanhar.<\/li>\n<\/ul>\n<p>A ferramenta Intelig\u00eancia visual (Visual Intelligence) no iOS 26 amplia consideravelmente as capacidades de reconhecimento de imagem e intera\u00e7\u00e3o com o que \u00e9 capturado ou observado com o iPhone.<\/p>\n<p>Com os modelos compat\u00edveis e o sistema atualizado, torna-se uma funcionalidade poderosa para tirar partido da IA no dia a dia.<\/p>\n","protected":false},"excerpt":{"rendered":"Com a chegada do iOS 26, a Apple introduziu uma nova ferramenta de intelig\u00eancia artificial chamada Visual Intelligence,&hellip;\n","protected":false},"author":2,"featured_media":123067,"comment_status":"","ping_status":"","sticky":false,"template":"","format":"standard","meta":{"footnotes":""},"categories":[85],"tags":[114,115,6060,32,33,28463],"class_list":{"0":"post-123066","1":"post","2":"type-post","3":"status-publish","4":"format-standard","5":"has-post-thumbnail","7":"category-entretenimento","8":"tag-entertainment","9":"tag-entretenimento","10":"tag-ios-26","11":"tag-portugal","12":"tag-pt","13":"tag-visual-intelligence"},"share_on_mastodon":{"url":"https:\/\/pubeurope.com\/@pt\/115423602620902783","error":""},"_links":{"self":[{"href":"https:\/\/www.europesays.com\/pt\/wp-json\/wp\/v2\/posts\/123066","targetHints":{"allow":["GET"]}}],"collection":[{"href":"https:\/\/www.europesays.com\/pt\/wp-json\/wp\/v2\/posts"}],"about":[{"href":"https:\/\/www.europesays.com\/pt\/wp-json\/wp\/v2\/types\/post"}],"author":[{"embeddable":true,"href":"https:\/\/www.europesays.com\/pt\/wp-json\/wp\/v2\/users\/2"}],"replies":[{"embeddable":true,"href":"https:\/\/www.europesays.com\/pt\/wp-json\/wp\/v2\/comments?post=123066"}],"version-history":[{"count":0,"href":"https:\/\/www.europesays.com\/pt\/wp-json\/wp\/v2\/posts\/123066\/revisions"}],"wp:featuredmedia":[{"embeddable":true,"href":"https:\/\/www.europesays.com\/pt\/wp-json\/wp\/v2\/media\/123067"}],"wp:attachment":[{"href":"https:\/\/www.europesays.com\/pt\/wp-json\/wp\/v2\/media?parent=123066"}],"wp:term":[{"taxonomy":"category","embeddable":true,"href":"https:\/\/www.europesays.com\/pt\/wp-json\/wp\/v2\/categories?post=123066"},{"taxonomy":"post_tag","embeddable":true,"href":"https:\/\/www.europesays.com\/pt\/wp-json\/wp\/v2\/tags?post=123066"}],"curies":[{"name":"wp","href":"https:\/\/api.w.org\/{rel}","templated":true}]}}