{"id":123072,"date":"2025-10-23T13:01:11","date_gmt":"2025-10-23T13:01:11","guid":{"rendered":"https:\/\/www.europesays.com\/pt\/123072\/"},"modified":"2025-10-23T13:01:11","modified_gmt":"2025-10-23T13:01:11","slug":"uma-frase-sobre-o-rei-trump-dificil-de-engolir-quem-a-disse-foi-o-filho","status":"publish","type":"post","link":"https:\/\/www.europesays.com\/pt\/123072\/","title":{"rendered":"Uma frase sobre o &#8220;rei&#8221; Trump dif\u00edcil de engolir. Quem a disse foi o filho"},"content":{"rendered":"<p class=\"wp-caption-text top\">Jim Lo Scalzo \/ EPA<\/p>\n<p><img decoding=\"async\" loading=\"lazy\" class=\"wp-image-371073 size-kopa-image-size-3\" src=\"https:\/\/www.europesays.com\/pt\/wp-content\/uploads\/2025\/10\/94d623ceca29a268252c96ea12fe8fe4-783x450.jpg\" alt=\"\" width=\"700\" height=\"402\"  \/><\/p>\n<p class=\"wp-caption-text bot\">Invas\u00e3o ao Capit\u00f3lio<\/p>\n<p><strong>Ainda os protestos \u201cNo Kings\u201d. Uma declara\u00e7\u00e3o de Donald Trump Jr. sobre o pr\u00f3prio pai. A sua lista n\u00e3o lhe correu muito bem.<\/strong><\/p>\n<p>Mais de 7 milh\u00f5es de pessoas manifestaram-se no fim-de-semana passado contra Donald Trump.<\/p>\n<p><a href=\"https:\/\/zap.aeiou.pt\/protestos-trump-eua-706888\" data-wpel-link=\"internal\" rel=\"nofollow noopener\" target=\"_blank\">\u201cNo Kings\u201d<\/a> \u00e9 o nome do movimento. Porque Trump n\u00e3o \u00e9 um rei. Os organizadores dizem que \u00e9 uma tentativa de defesa da democracia e uma rejei\u00e7\u00e3o da \u201cmonarquia\u201d ou do \u201crei\u201d no poder.<\/p>\n<p>Donald Trump Jr. apareceu nesta ter\u00e7a-feira na <a href=\"https:\/\/www.foxnews.com\/video\/6383494447112\" data-wpel-link=\"external\" target=\"_blank\" rel=\"nofollow external noopener noreferrer\" class=\"ext-link\">Fox News<\/a> para defender o seu pai (o presidente dos EUA) e atacar os democratas.<\/p>\n<p>O filho mais velho de Donald Trump elogiou \u2013 de forma sarc\u00e1stica \u2013 o Partido Democrata e disse: \u201cParab\u00e9ns, pessoal, ganharam. N\u00e3o temos reis\u201d.<\/p>\n<p>Na sequ\u00eancia desse discurso, <strong>Donald Trump Jr.<\/strong> apresentou uma lista de exemplos que mostram que, realmente, o seu pai n\u00e3o \u00e9 um rei.<\/p>\n<p>E foi no meio dessa lista que apresentou um exemplo que, descreve o <a href=\"https:\/\/www.huffpost.com\/entry\/donald-trump-jr-king-claim_n_68f84e6ce4b05b9180d38433\" data-wpel-link=\"external\" target=\"_blank\" rel=\"nofollow external noopener noreferrer\" class=\"ext-link\">HuffPost<\/a>, \u00e9 dif\u00edcil de engolir para alguns cr\u00edticos.<\/p>\n<p>A sua frase foi:<strong> \u201cSe ele fosse um rei, provavelmente nunca teria sa\u00eddo do cargo da primeira vez\u201d.<\/strong><\/p>\n<blockquote class=\"twitter-tweet\">\n<p dir=\"ltr\" lang=\"en\">Donald Trump JR: If he was a king, he probably would have never left office the first time <a href=\"https:\/\/t.co\/lwQbtolbjW\" data-wpel-link=\"external\" target=\"_blank\" rel=\"nofollow external noopener noreferrer\" class=\"ext-link\">pic.twitter.com\/lwQbtolbjW<\/a><\/p>\n<p>\u2014 Acyn (@Acyn) <a href=\"https:\/\/twitter.com\/Acyn\/status\/1980804373803590090?ref_src=twsrc%5Etfw\" data-wpel-link=\"external\" target=\"_blank\" rel=\"nofollow external noopener noreferrer\" class=\"ext-link\">October 22, 2025<\/a><\/p>\n<\/blockquote>\n<p>Pois. Mas o que aconteceu quando Donald Trump deixou a Casa Branca em 2021? O <a href=\"https:\/\/zap.aeiou.pt\/apoiantes-trump-invadem-capitolio-370902\" data-wpel-link=\"internal\" rel=\"nofollow noopener\" target=\"_blank\">ataque ao Capit\u00f3lio<\/a>.<\/p>\n<p>O Congresso dos Estados Unidos da Am\u00e9rica estava a confirmar a vit\u00f3ria de Joe Biden nas elei\u00e7\u00f5es presidenciais, de Novembro de 2020, quando o Capit\u00f3lio foi invadido.<\/p>\n<p>Um grupo de apoiantes de Donald Trump, presidente anterior mas derrotado dessa vez, come\u00e7ou a for\u00e7ar a entrada no edif\u00edcio (e muitos entraram mesmo), insatisfeitos com o resultado do acto eleitoral.<\/p>\n<p>O <strong>pr\u00f3prio Donald Trump Jr. enviou mensagens<\/strong> ao ent\u00e3o chefe de gabinete da Casa Branca, Mark Meadows, <strong>para que o pai travasse<\/strong> rapidamente aquele ataque.<\/p>\n<p>\u201cEle tem de condenar isto imediatamente. A publica\u00e7\u00e3o da Pol\u00edcia do Capit\u00f3lio n\u00e3o chega\u201d, escreveu Donald Trump Jr., de acordo com transcri\u00e7\u00f5es divulgadas durante uma investiga\u00e7\u00e3o da C\u00e2mara dos Representantes. E Mark Meadows concordou.<\/p>\n<p>Mais: Donald Trump foi eleito presidente de novo, no ano passado, e quando regressou \u00e0 Casa Branca, uma das suas prioridades foi perdoar todos os envolvidos no ataque ao Capit\u00f3lio \u2013 incluindo quem foi condenado por agredir pol\u00edcias.<\/p>\n<p>As reac\u00e7\u00f5es cr\u00edticas nas redes sociais espalharam-se. O HuffPost reuniu algumas: \u201cTodos eles guardaram convenientemente na mem\u00f3ria o dia 6 de Janeiro\u201d, ou \u201cIsto vai para al\u00e9m da par\u00f3dia\u201d, ou \u201cUh\u2026lembras-te do que ele tentou fazer?\u201d.<\/p>\n<p>Ou ainda a ironia \u201cSim, provavelmente Trump teria incitado uma insurrei\u00e7\u00e3o ou algo do g\u00e9nero. Colocaria os seus capangas no Capit\u00f3lio. Tentaria impedir a valida\u00e7\u00e3o eleitoral. Isso teria sido mau\u201d.<\/p>\n<p>    <a href=\"https:\/\/zap.aeiou.pt\/subscrever-newsletter\" data-wpel-link=\"internal\" rel=\"nofollow noopener\" target=\"_blank\">&#13;<br \/>\n        <img loading=\"lazy\" decoding=\"async\" class=\"aligncenter size-full wp-image-575475\" src=\"https:\/\/www.europesays.com\/pt\/wp-content\/uploads\/2025\/10\/1759862234_971_2d51fe4a0ba54894421ead1809309ed9-1-450x140.jpg\" alt=\"Subscreva a Newsletter ZAP\" width=\"450\" height=\"140\"\/>&#13;<br \/>\n    <\/a><\/p>\n<p>                <a href=\"https:\/\/whatsapp.com\/channel\/0029VaIC4EE2f3EJZPPSbR34\" data-wpel-link=\"external\" target=\"_blank\" rel=\"nofollow external noopener noreferrer\" class=\"ext-link\">&#13;<br \/>\n                    <img loading=\"lazy\" decoding=\"async\" class=\"aligncenter size-full wp-image-575475\" src=\"https:\/\/www.europesays.com\/pt\/wp-content\/uploads\/2025\/10\/1759862234_512_c68c559d956d4ca20f435ed74a6e71e6.png\" alt=\"Siga-nos no WhatsApp\" width=\"175\" height=\"64\"\/>&#13;<br \/>\n                <\/a><\/p>\n<p>                <a href=\"https:\/\/news.google.com\/publications\/CAAiEHRwZondIV71PDjWNoqMduEqFAgKIhB0cGaJ3SFe9Tw41jaKjHbh?hl=en-US&amp;gl=US&amp;ceid=US%3Aen\" data-wpel-link=\"external\" target=\"_blank\" rel=\"nofollow external noopener noreferrer\" class=\"ext-link\">&#13;<br \/>\n                    <img loading=\"lazy\" decoding=\"async\" class=\"aligncenter size-full wp-image-575475\" src=\"https:\/\/www.europesays.com\/pt\/wp-content\/uploads\/2025\/10\/1759862235_242_5123dd8b087b644fdb8f8603acd1bad4.png\" alt=\"Siga-nos no Google News\" width=\"176\" height=\"64\"\/>&#13;<br \/>\n                <\/a><\/p>\n<p>                <script async src=\"https:\/\/platform.twitter.com\/widgets.js\" charset=\"utf-8\"><\/script><\/p>\n","protected":false},"excerpt":{"rendered":"Jim Lo Scalzo \/ EPA Invas\u00e3o ao Capit\u00f3lio Ainda os protestos \u201cNo Kings\u201d. Uma declara\u00e7\u00e3o de Donald Trump&hellip;\n","protected":false},"author":2,"featured_media":123073,"comment_status":"","ping_status":"","sticky":false,"template":"","format":"standard","meta":{"footnotes":""},"categories":[50],"tags":[27,28,92,413,15,16,14,25,26,21,22,62,12,13,19,20,4007,23,24,548,17,18,29,30,31,63,64,65],"class_list":{"0":"post-123072","1":"post","2":"type-post","3":"status-publish","4":"format-standard","5":"has-post-thumbnail","7":"category-mundo","8":"tag-breaking-news","9":"tag-breakingnews","10":"tag-donald-trump","11":"tag-eua","12":"tag-featured-news","13":"tag-featurednews","14":"tag-headlines","15":"tag-latest-news","16":"tag-latestnews","17":"tag-main-news","18":"tag-mainnews","19":"tag-mundo","20":"tag-news","21":"tag-noticias","22":"tag-noticias-principais","23":"tag-noticiasprincipais","24":"tag-politica-internacional","25":"tag-principais-noticias","26":"tag-principaisnoticias","27":"tag-redes-sociais","28":"tag-top-stories","29":"tag-topstories","30":"tag-ultimas","31":"tag-ultimas-noticias","32":"tag-ultimasnoticias","33":"tag-world","34":"tag-world-news","35":"tag-worldnews"},"share_on_mastodon":{"url":"https:\/\/pubeurope.com\/@pt\/115423614446422211","error":""},"_links":{"self":[{"href":"https:\/\/www.europesays.com\/pt\/wp-json\/wp\/v2\/posts\/123072","targetHints":{"allow":["GET"]}}],"collection":[{"href":"https:\/\/www.europesays.com\/pt\/wp-json\/wp\/v2\/posts"}],"about":[{"href":"https:\/\/www.europesays.com\/pt\/wp-json\/wp\/v2\/types\/post"}],"author":[{"embeddable":true,"href":"https:\/\/www.europesays.com\/pt\/wp-json\/wp\/v2\/users\/2"}],"replies":[{"embeddable":true,"href":"https:\/\/www.europesays.com\/pt\/wp-json\/wp\/v2\/comments?post=123072"}],"version-history":[{"count":0,"href":"https:\/\/www.europesays.com\/pt\/wp-json\/wp\/v2\/posts\/123072\/revisions"}],"wp:featuredmedia":[{"embeddable":true,"href":"https:\/\/www.europesays.com\/pt\/wp-json\/wp\/v2\/media\/123073"}],"wp:attachment":[{"href":"https:\/\/www.europesays.com\/pt\/wp-json\/wp\/v2\/media?parent=123072"}],"wp:term":[{"taxonomy":"category","embeddable":true,"href":"https:\/\/www.europesays.com\/pt\/wp-json\/wp\/v2\/categories?post=123072"},{"taxonomy":"post_tag","embeddable":true,"href":"https:\/\/www.europesays.com\/pt\/wp-json\/wp\/v2\/tags?post=123072"}],"curies":[{"name":"wp","href":"https:\/\/api.w.org\/{rel}","templated":true}]}}