{"id":123102,"date":"2025-10-23T13:20:21","date_gmt":"2025-10-23T13:20:21","guid":{"rendered":"https:\/\/www.europesays.com\/pt\/123102\/"},"modified":"2025-10-23T13:20:21","modified_gmt":"2025-10-23T13:20:21","slug":"lancamento-de-livro-colecao-um-percurso-pelo-cinema-portugues-de-animacao-vol-3","status":"publish","type":"post","link":"https:\/\/www.europesays.com\/pt\/123102\/","title":{"rendered":"Lan\u00e7amento de Livro &#8211; Cole\u00e7\u00e3o Um Percurso pelo Cinema Portugu\u00eas de Anima\u00e7\u00e3o Vol.3"},"content":{"rendered":"<p>                        \tA sess\u00e3o contar\u00e1 com as interven\u00e7\u00f5es do autor Paulo Cambraia, do diretor da Cinemateca Portuguesa \u2013 Museu do Cinema Rui Machado, e do presidente da Academia Portuguesa de Cinema, Paulo Trancoso.<\/p>\n<p>Este terceiro volume, dedicado \u00e0 d\u00e9cada de 1950, marca uma nova etapa na hist\u00f3ria da anima\u00e7\u00e3o em Portugal. Segundo o autor:<\/p>\n<p>\u201cSendo os anos 1900-1949 os do Primeiro Ciclo do Cinema Portugu\u00eas de Anima\u00e7\u00e3o, os anos 1950 ser\u00e3o o in\u00edcio de um novo e longo ciclo, que parte numa dire\u00e7\u00e3o completamente diferente.\u201d<\/p>\n<p>Este novo ciclo corresponde ao in\u00edcio do chamado &#8220;Per\u00edodo Cl\u00e1ssico&#8221; da Anima\u00e7\u00e3o Portuguesa, caracterizado pelo surgimento de est\u00fadios profissionais e pelo envolvimento direto de ag\u00eancias de publicidade, que v\u00eam consolidar a anima\u00e7\u00e3o como uma atividade profissional especializada, e n\u00e3o apenas como express\u00e3o art\u00edstica ou t\u00e9cnica isolada.<\/p>\n<p>\u201cOs primeiros passos nesta dire\u00e7\u00e3o j\u00e1 tinham sido dados, embora de forma embrion\u00e1ria, durante o Primeiro Ciclo. \u00c9 normal que assim seja. N\u00e3o existem fronteiras r\u00edgidas nestas transi\u00e7\u00f5es.\u201d<\/p>\n<p>Com esta publica\u00e7\u00e3o, a Academia Portuguesa de Cinema refor\u00e7a o seu compromisso com a divulga\u00e7\u00e3o, preserva\u00e7\u00e3o e estudo da hist\u00f3ria do cinema nacional, nomeadamente atrav\u00e9s da valoriza\u00e7\u00e3o de \u00e1reas ainda pouco exploradas, como \u00e9 o caso da anima\u00e7\u00e3o.<\/p>\n<p>Entrada livre, sujeita \u00e0 lota\u00e7\u00e3o da sala.<\/p>\n<p><strong> Informa\u00e7\u00f5es adicionais:<\/strong><br \/>Local: Cinemateca Portuguesa \u2013 Museu do Cinema | Livraria Linha de Sombra<br \/>Data e hora: 23 de outubro (quinta-feira) | 18h00<\/p>\n<p>Organiza\u00e7\u00e3o e Edi\u00e7\u00e3o:<br \/>Academia Portuguesa de Cinema<br \/>Cole\u00e7\u00e3o Um Percurso pelo Cinema Portugu\u00eas de Anima\u00e7\u00e3o<br \/><a href=\"https:\/\/academiadecinema.pt\/um-percurso-pelo-cinema-portugues-de-animacao\/\" target=\"_blank\" rel=\"nofollow noopener\">Mais informa\u00e7\u00f5es\u00a0<\/a>                        \t   <\/p>\n","protected":false},"excerpt":{"rendered":"A sess\u00e3o contar\u00e1 com as interven\u00e7\u00f5es do autor Paulo Cambraia, do diretor da Cinemateca Portuguesa \u2013 Museu do&hellip;\n","protected":false},"author":2,"featured_media":123103,"comment_status":"","ping_status":"","sticky":false,"template":"","format":"standard","meta":{"footnotes":""},"categories":[143],"tags":[9226,207,169,10650,470,315,3144,114,115,10648,170,150,10649,419,32,33,2387],"class_list":{"0":"post-123102","1":"post","2":"type-post","3":"status-publish","4":"format-standard","5":"has-post-thumbnail","7":"category-livros","8":"tag-agenda-cultural","9":"tag-arte","10":"tag-books","11":"tag-centro-nacional-de-cultura","12":"tag-cinema","13":"tag-cultura","14":"tag-danca","15":"tag-entertainment","16":"tag-entretenimento","17":"tag-exposicoes","18":"tag-livros","19":"tag-musica","20":"tag-obras-de-referencia","21":"tag-patrimonio","22":"tag-portugal","23":"tag-pt","24":"tag-teatro"},"share_on_mastodon":{"url":"https:\/\/pubeurope.com\/@pt\/115423689122875232","error":""},"_links":{"self":[{"href":"https:\/\/www.europesays.com\/pt\/wp-json\/wp\/v2\/posts\/123102","targetHints":{"allow":["GET"]}}],"collection":[{"href":"https:\/\/www.europesays.com\/pt\/wp-json\/wp\/v2\/posts"}],"about":[{"href":"https:\/\/www.europesays.com\/pt\/wp-json\/wp\/v2\/types\/post"}],"author":[{"embeddable":true,"href":"https:\/\/www.europesays.com\/pt\/wp-json\/wp\/v2\/users\/2"}],"replies":[{"embeddable":true,"href":"https:\/\/www.europesays.com\/pt\/wp-json\/wp\/v2\/comments?post=123102"}],"version-history":[{"count":0,"href":"https:\/\/www.europesays.com\/pt\/wp-json\/wp\/v2\/posts\/123102\/revisions"}],"wp:featuredmedia":[{"embeddable":true,"href":"https:\/\/www.europesays.com\/pt\/wp-json\/wp\/v2\/media\/123103"}],"wp:attachment":[{"href":"https:\/\/www.europesays.com\/pt\/wp-json\/wp\/v2\/media?parent=123102"}],"wp:term":[{"taxonomy":"category","embeddable":true,"href":"https:\/\/www.europesays.com\/pt\/wp-json\/wp\/v2\/categories?post=123102"},{"taxonomy":"post_tag","embeddable":true,"href":"https:\/\/www.europesays.com\/pt\/wp-json\/wp\/v2\/tags?post=123102"}],"curies":[{"name":"wp","href":"https:\/\/api.w.org\/{rel}","templated":true}]}}