{"id":123104,"date":"2025-10-23T13:21:15","date_gmt":"2025-10-23T13:21:15","guid":{"rendered":"https:\/\/www.europesays.com\/pt\/123104\/"},"modified":"2025-10-23T13:21:15","modified_gmt":"2025-10-23T13:21:15","slug":"insuportavel-cao-raivoso-e-egocentrico-leandro-debaixo-das-criticas-dos-colegas-secret-story","status":"publish","type":"post","link":"https:\/\/www.europesays.com\/pt\/123104\/","title":{"rendered":"\u00abInsuport\u00e1vel\u00bb, \u00abc\u00e3o raivoso\u00bb e \u00abegoc\u00eantrico\u00bb: Leandro debaixo das cr\u00edticas dos colegas &#8211; Secret Story"},"content":{"rendered":"<p>No Secret Story 9, os concorrentes n\u00e3o poupam nas cr\u00edticas a Leandro. Dylan, Mariana, Ana, Raquel e Bruno consideram que o colega \u00e9 \u00abnarcisista\u00bb e acusam-no de monopolizar o Gangue dos Frescos. Veja tudo.<\/p>\n<p><strong>Esta semana cinco concorrentes est\u00e3o em risco de abandonar a casa mais vigiada do Pa\u00eds. Vote para salvar o seu concorrente favorito:<\/strong><\/p>\n<p>BRUNO \u2013 761 20 20 04<br \/>IN\u00caS \u2013 761 20 20 10<br \/>LILIANA \u2013 761 20 20 14<br \/>MARIANA \u2013 761 20 20 15<br \/>RUI \u2013 761 20 20 19<\/p>\n<p><a href=\"https:\/\/tvi.iol.pt\/secretstory\/aominuto\" rel=\"nofollow noopener\" target=\"_blank\">Acompanhe, ao minuto, tudo o que acontece na casa mais vigiada do Pa\u00eds.<\/a><\/p>\n","protected":false},"excerpt":{"rendered":"No Secret Story 9, os concorrentes n\u00e3o poupam nas cr\u00edticas a Leandro. Dylan, Mariana, Ana, Raquel e Bruno&hellip;\n","protected":false},"author":2,"featured_media":123105,"comment_status":"","ping_status":"","sticky":false,"template":"","format":"standard","meta":{"footnotes":""},"categories":[142],"tags":[19374,19373,114,115,12397,19375,32,33,151],"class_list":{"0":"post-123104","1":"post","2":"type-post","3":"status-publish","4":"format-standard","5":"has-post-thumbnail","7":"category-tv","8":"tag-confrontos-concorrentes","9":"tag-discussoes-secret-story","10":"tag-entertainment","11":"tag-entretenimento","12":"tag-leandro","13":"tag-polemicas","14":"tag-portugal","15":"tag-pt","16":"tag-tv"},"share_on_mastodon":{"url":"https:\/\/pubeurope.com\/@pt\/115423693091401667","error":""},"_links":{"self":[{"href":"https:\/\/www.europesays.com\/pt\/wp-json\/wp\/v2\/posts\/123104","targetHints":{"allow":["GET"]}}],"collection":[{"href":"https:\/\/www.europesays.com\/pt\/wp-json\/wp\/v2\/posts"}],"about":[{"href":"https:\/\/www.europesays.com\/pt\/wp-json\/wp\/v2\/types\/post"}],"author":[{"embeddable":true,"href":"https:\/\/www.europesays.com\/pt\/wp-json\/wp\/v2\/users\/2"}],"replies":[{"embeddable":true,"href":"https:\/\/www.europesays.com\/pt\/wp-json\/wp\/v2\/comments?post=123104"}],"version-history":[{"count":0,"href":"https:\/\/www.europesays.com\/pt\/wp-json\/wp\/v2\/posts\/123104\/revisions"}],"wp:featuredmedia":[{"embeddable":true,"href":"https:\/\/www.europesays.com\/pt\/wp-json\/wp\/v2\/media\/123105"}],"wp:attachment":[{"href":"https:\/\/www.europesays.com\/pt\/wp-json\/wp\/v2\/media?parent=123104"}],"wp:term":[{"taxonomy":"category","embeddable":true,"href":"https:\/\/www.europesays.com\/pt\/wp-json\/wp\/v2\/categories?post=123104"},{"taxonomy":"post_tag","embeddable":true,"href":"https:\/\/www.europesays.com\/pt\/wp-json\/wp\/v2\/tags?post=123104"}],"curies":[{"name":"wp","href":"https:\/\/api.w.org\/{rel}","templated":true}]}}