{"id":123107,"date":"2025-10-23T13:24:10","date_gmt":"2025-10-23T13:24:10","guid":{"rendered":"https:\/\/www.europesays.com\/pt\/123107\/"},"modified":"2025-10-23T13:24:10","modified_gmt":"2025-10-23T13:24:10","slug":"se-realmente-amam-o-benfica-nao-votem-no-noronha-lopes","status":"publish","type":"post","link":"https:\/\/www.europesays.com\/pt\/123107\/","title":{"rendered":"\u00abSe realmente amam o Benfica, n\u00e3o votem no Noronha Lopes\u00bb"},"content":{"rendered":"<p>&#8211; Advertisement &#8211;<\/p>\n<p><strong>Gon\u00e7alo Quinaz apelou a que n\u00e3o votem em Jo\u00e3o Noronha Lopes nas elei\u00e7\u00f5es do Benfica. O antigo jogador recordou os t\u00edtulos de Lu\u00eds Filipe Vieira.<\/strong><\/p>\n<p>Gon\u00e7alo Quinaz, falou das elei\u00e7\u00f5es do clube encarnado e manifestou-se contra <a href=\"https:\/\/bolanarede.pt\/etiqueta\/joao-noronha-lopes\/\" target=\"_blank\" rel=\"noreferrer noopener nofollow\">Jo\u00e3o Noronha Lopes<\/a>. O antigo futebolista e adepto do Benfica deixou tamb\u00e9m elogios para Lu\u00eds Filipe Vieira no programa \u201cDois \u00e0s 10\u201d, da TVI:<\/p>\n<p>\u00abLu\u00eds Filipe Vieira \u00e9 um presidente maravilhoso, o mais titulado da hist\u00f3ria do Benfica. N\u00e3o gosto nada do Noronha Lopes. Fa\u00e7o um apelo a todos os benfiquistas: se realmente amam o Benfica, n\u00e3o votem no Noronha Lopes. N\u00e3o quero, acho que n\u00e3o \u00e9 o melhor para o Benfica, enquanto benfiquista\u00bb.<\/p>\n<p>O antigo extremo est\u00e1 com 40 anos e colocou um ponto final na sua carreira em 2018, altura em que representava o Alta de Lisboa, depois de passagens por Portimonense, Aves ou Atl\u00e9tico CP. As elei\u00e7\u00f5es do Benfica est\u00e3o marcadas para o dia 25 de outubro.<\/p>\n","protected":false},"excerpt":{"rendered":"&#8211; Advertisement &#8211; Gon\u00e7alo Quinaz apelou a que n\u00e3o votem em Jo\u00e3o Noronha Lopes nas elei\u00e7\u00f5es do Benfica.&hellip;\n","protected":false},"author":2,"featured_media":123108,"comment_status":"","ping_status":"","sticky":false,"template":"","format":"standard","meta":{"footnotes":""},"categories":[87],"tags":[260,135,7089,32,33,134],"class_list":{"0":"post-123107","1":"post","2":"type-post","3":"status-publish","4":"format-standard","5":"has-post-thumbnail","7":"category-desporto","8":"tag-atualidade","9":"tag-desporto","10":"tag-goncalo-quinaz","11":"tag-portugal","12":"tag-pt","13":"tag-sports"},"share_on_mastodon":{"url":"https:\/\/pubeurope.com\/@pt\/115423704792038407","error":""},"_links":{"self":[{"href":"https:\/\/www.europesays.com\/pt\/wp-json\/wp\/v2\/posts\/123107","targetHints":{"allow":["GET"]}}],"collection":[{"href":"https:\/\/www.europesays.com\/pt\/wp-json\/wp\/v2\/posts"}],"about":[{"href":"https:\/\/www.europesays.com\/pt\/wp-json\/wp\/v2\/types\/post"}],"author":[{"embeddable":true,"href":"https:\/\/www.europesays.com\/pt\/wp-json\/wp\/v2\/users\/2"}],"replies":[{"embeddable":true,"href":"https:\/\/www.europesays.com\/pt\/wp-json\/wp\/v2\/comments?post=123107"}],"version-history":[{"count":0,"href":"https:\/\/www.europesays.com\/pt\/wp-json\/wp\/v2\/posts\/123107\/revisions"}],"wp:featuredmedia":[{"embeddable":true,"href":"https:\/\/www.europesays.com\/pt\/wp-json\/wp\/v2\/media\/123108"}],"wp:attachment":[{"href":"https:\/\/www.europesays.com\/pt\/wp-json\/wp\/v2\/media?parent=123107"}],"wp:term":[{"taxonomy":"category","embeddable":true,"href":"https:\/\/www.europesays.com\/pt\/wp-json\/wp\/v2\/categories?post=123107"},{"taxonomy":"post_tag","embeddable":true,"href":"https:\/\/www.europesays.com\/pt\/wp-json\/wp\/v2\/tags?post=123107"}],"curies":[{"name":"wp","href":"https:\/\/api.w.org\/{rel}","templated":true}]}}