{"id":123118,"date":"2025-10-23T13:34:08","date_gmt":"2025-10-23T13:34:08","guid":{"rendered":"https:\/\/www.europesays.com\/pt\/123118\/"},"modified":"2025-10-23T13:34:08","modified_gmt":"2025-10-23T13:34:08","slug":"paudalho-e-o-primeiro-municipio-de-pernambuco-a-receber-doacao-de-livros-do-minc-e-mec","status":"publish","type":"post","link":"https:\/\/www.europesays.com\/pt\/123118\/","title":{"rendered":"Paudalho \u00e9 o primeiro munic\u00edpio de Pernambuco a receber doa\u00e7\u00e3o de livros do MINC e MEC"},"content":{"rendered":"<p>A Prefeitura do Paudalho, por meio da Secretaria Municipal de Educa\u00e7\u00e3o, celebra uma importante conquista para o incentivo \u00e0 leitura e o fortalecimento da cultura local. <\/p>\n<p>A Biblioteca P\u00fablica Municipal Severino Soares recebeu nesta semana o primeiro lote do Kit de Livros doado pelo Minist\u00e9rio da Cultura (MINC), em parceria com o Minist\u00e9rio da Educa\u00e7\u00e3o (MEC).<\/p>\n<p>Paudalho foi o primeiro munic\u00edpio de Pernambuco a ser contemplado com a iniciativa, recebendo 149 livros de fic\u00e7\u00e3o infantil nesta primeira entrega. <\/p>\n<p>A a\u00e7\u00e3o integra a Pol\u00edtica Nacional de Leitura e Escrita, que tem como objetivo promover o acesso \u00e0 literatura e fortalecer o papel das bibliotecas p\u00fablicas como espa\u00e7os de aprendizado, conviv\u00eancia e forma\u00e7\u00e3o de leitores.<\/p>\n<p>Em todo o estado, 182 munic\u00edpios est\u00e3o cadastrados no Sistema Nacional e Estadual de Bibliotecas P\u00fablicas. Paudalho se destacou por cumprir todos os crit\u00e9rios t\u00e9cnicos e administrativos exigidos, tornando-se o primeiro a receber o lote inicial de obras.<\/p>\n<p>Ao todo, a Biblioteca P\u00fablica Severino Soares ser\u00e1 contemplada com 600 livros, que ir\u00e3o ampliar o acervo e apoiar as a\u00e7\u00f5es de incentivo \u00e0 leitura junto a crian\u00e7as, jovens e fam\u00edlias paudalhenses.<\/p>\n<p>A Prefeitura reafirma seu compromisso com o fortalecimento das pol\u00edticas p\u00fablicas de educa\u00e7\u00e3o e cultura, investindo em iniciativas que estimulam a imagina\u00e7\u00e3o, o conhecimento e o desenvolvimento social da comunidade.<\/p>\n<p><img fetchpriority=\"high\" decoding=\"async\" width=\"800\" height=\"450\" data-attachment-id=\"37792\" data-permalink=\"https:\/\/www.paudalho.pe.gov.br\/portal\/paudalho-e-o-primeiro-municipio-de-pernambuco-a-receber-doacao-de-livros-do-minc-e-mec\/img-20251023-wa0003\/\" data-orig-file=\"https:\/\/www.paudalho.pe.gov.br\/portal\/wp-content\/uploads\/2025\/10\/IMG-20251023-WA0003.jpg\" data-orig-size=\"1280,720\" data-comments-opened=\"1\" data-image-meta=\"{&quot;aperture&quot;:&quot;0&quot;,&quot;credit&quot;:&quot;&quot;,&quot;camera&quot;:&quot;&quot;,&quot;caption&quot;:&quot;&quot;,&quot;created_timestamp&quot;:&quot;0&quot;,&quot;copyright&quot;:&quot;&quot;,&quot;focal_length&quot;:&quot;0&quot;,&quot;iso&quot;:&quot;0&quot;,&quot;shutter_speed&quot;:&quot;0&quot;,&quot;title&quot;:&quot;&quot;,&quot;orientation&quot;:&quot;0&quot;}\" data-image-title=\"IMG-20251023-WA0003\" data-image-description=\"\" data-image-caption=\"\" data-medium-file=\"https:\/\/www.paudalho.pe.gov.br\/portal\/wp-content\/uploads\/2025\/10\/IMG-20251023-WA0003-350x230.jpg\" data-large-file=\"https:\/\/www.paudalho.pe.gov.br\/portal\/wp-content\/uploads\/2025\/10\/IMG-20251023-WA0003-800x450.jpg\" src=\"https:\/\/www.paudalho.pe.gov.br\/portal\/wp-content\/uploads\/2025\/10\/IMG-20251023-WA0003-800x450.jpg\" alt=\"\" class=\"wp-image-37792\"  \/><\/p>\n","protected":false},"excerpt":{"rendered":"A Prefeitura do Paudalho, por meio da Secretaria Municipal de Educa\u00e7\u00e3o, celebra uma importante conquista para o incentivo&hellip;\n","protected":false},"author":2,"featured_media":123119,"comment_status":"","ping_status":"","sticky":false,"template":"","format":"standard","meta":{"footnotes":""},"categories":[143],"tags":[169,114,115,170,32,33],"class_list":{"0":"post-123118","1":"post","2":"type-post","3":"status-publish","4":"format-standard","5":"has-post-thumbnail","7":"category-livros","8":"tag-books","9":"tag-entertainment","10":"tag-entretenimento","11":"tag-livros","12":"tag-portugal","13":"tag-pt"},"share_on_mastodon":{"url":"https:\/\/pubeurope.com\/@pt\/115423744905440191","error":""},"_links":{"self":[{"href":"https:\/\/www.europesays.com\/pt\/wp-json\/wp\/v2\/posts\/123118","targetHints":{"allow":["GET"]}}],"collection":[{"href":"https:\/\/www.europesays.com\/pt\/wp-json\/wp\/v2\/posts"}],"about":[{"href":"https:\/\/www.europesays.com\/pt\/wp-json\/wp\/v2\/types\/post"}],"author":[{"embeddable":true,"href":"https:\/\/www.europesays.com\/pt\/wp-json\/wp\/v2\/users\/2"}],"replies":[{"embeddable":true,"href":"https:\/\/www.europesays.com\/pt\/wp-json\/wp\/v2\/comments?post=123118"}],"version-history":[{"count":0,"href":"https:\/\/www.europesays.com\/pt\/wp-json\/wp\/v2\/posts\/123118\/revisions"}],"wp:featuredmedia":[{"embeddable":true,"href":"https:\/\/www.europesays.com\/pt\/wp-json\/wp\/v2\/media\/123119"}],"wp:attachment":[{"href":"https:\/\/www.europesays.com\/pt\/wp-json\/wp\/v2\/media?parent=123118"}],"wp:term":[{"taxonomy":"category","embeddable":true,"href":"https:\/\/www.europesays.com\/pt\/wp-json\/wp\/v2\/categories?post=123118"},{"taxonomy":"post_tag","embeddable":true,"href":"https:\/\/www.europesays.com\/pt\/wp-json\/wp\/v2\/tags?post=123118"}],"curies":[{"name":"wp","href":"https:\/\/api.w.org\/{rel}","templated":true}]}}