{"id":123120,"date":"2025-10-23T13:35:12","date_gmt":"2025-10-23T13:35:12","guid":{"rendered":"https:\/\/www.europesays.com\/pt\/123120\/"},"modified":"2025-10-23T13:35:12","modified_gmt":"2025-10-23T13:35:12","slug":"sandra-e-roubada-por-quem-menos-espera","status":"publish","type":"post","link":"https:\/\/www.europesays.com\/pt\/123120\/","title":{"rendered":"Sandra \u00e9 roubada por quem menos espera"},"content":{"rendered":"<p>Nos pr\u00f3ximos cap\u00edtulos de \u00cata Mundo Melhor, In\u00eas (Joana Solnado) passa a perna em Sandra (Fl\u00e1via Alessandra) e Ernesto (Eribero Le\u00e3o), e volta para Portugal antes que seja presa como c\u00famplice dos golpes aplicados pelo casal de amantes.<\/p>\n<p>Quando ainda estava na Europa, prestes a ser casar com o bar\u00e3o (Jaime Leibovitch), <a href=\"https:\/\/natelinha.uol.com.br\/novelas\/2025\/10\/11\/eta-mundo-melhor-celso-tem-encontro-com-fantasma-e-surta-232443.php\" rel=\"nofollow noopener\" target=\"_blank\">a irm\u00e3 de Celso<\/a> (Rainer Cadete) flagrou a mulher roubando e amea\u00e7ou entreg\u00e1-la para a pol\u00edcia caso n\u00e3o se tornasse sua dama de companhia.<\/p>\n<p>A partir dali, In\u00eas virou uma esp\u00e9cie de c\u00e3o de guarda de <a href=\"https:\/\/natelinha.uol.com.br\/novelas\/eta-mundo-melhor\/personagem\/sandra\" rel=\"nofollow noopener\" target=\"_blank\">Sandra<\/a>, dando cobertura para todas as arma\u00e7\u00f5es da madame. A fidelidade da empregada com a patroa levantava suspeitas de que ela teria se apaixonado pela loira.<\/p>\n<p>continua depois da publicidade<\/p>\n<p>J\u00e1 no Brasil, a reaproxima\u00e7\u00e3o da vil\u00e3 com <a href=\"https:\/\/natelinha.uol.com.br\/novelas\/eta-mundo-melhor\/personagem\/ernesto\" rel=\"nofollow noopener\" target=\"_blank\">Ernesto<\/a> causa certo desconforto na portuguesa. Cansada de se arriscar pela megera, a malandra rouba um colar da patroa, <a href=\"https:\/\/natelinha.uol.com.br\/novelas\/2025\/10\/03\/eta-mundo-melhor-paixao-morre-nos-bracos-de-ernesto-232093.php\" rel=\"nofollow noopener\" target=\"_blank\">dinheiro do malandro<\/a>, e foge para Portugal. Saiba mais!<\/p>\n<p>Em \u00cata Mundo Melhor, In\u00eas passa a perna em Sandra e Ernesto<\/p>\n<p><img decoding=\"async\" loading=\"lazy\" class=\"horizontal\" src=\"https:\/\/www.europesays.com\/pt\/wp-content\/uploads\/2025\/10\/tv-globo-eta-mundo-melhor-ines-da-golpe-em-sandra-e-foge_1667.jpeg\" width=\"1280\" height=\"719\" alt=\"\u00cata Mundo Melhor: Sandra \u00e9 roubada por quem menos espera\"\/><\/p>\n<p>Nos pr\u00f3ximos cap\u00edtulos de <a href=\"https:\/\/natelinha.uol.com.br\/novelas\/eta-mundo-melhor\" rel=\"nofollow noopener\" target=\"_blank\">\u00cata Mundo Melhor<\/a>, In\u00eas rouba um colar de Sandra, dinheiro de Ernesto, e volta para Portugal. Antes de partir, a dama de companhia ainda debocha da loira.<\/p>\n<p>As duas se conheceram na Europa, quando a vil\u00e3 estava prestes a se casar com o bar\u00e3o. Na ocasi\u00e3o, a irm\u00e3 de Celso viu a mulher batendo uma carteira nas ruas da cidade e amea\u00e7ou chamar a pol\u00edcia caso a ladra n\u00e3o fosse trabalhar para ela.<\/p>\n<p>continua depois da publicidade<\/p>\n<p>A partir dali, In\u00eas virou uma esp\u00e9cie de dama de companhia e c\u00famplice dos golpes de Sandra. Apesar das humilha\u00e7\u00f5es, a empregada demonstrava certo interesse amoroso pela megera.<\/p>\n<p>+\u00a0<\/p>\n<p>Com o golpe do ba\u00fa indo por \u00e1gua abaixo, As duas fugiram para o Brasil, onde passaram a sobreviver gra\u00e7as aos pequenos furtos cometidos pela dama de companhia.<\/p>\n<p>A rela\u00e7\u00e3o das duas come\u00e7ou a naufragar quando Sandra decidiu procurar Ernesto, reatando o caso dos dois. Embora a prima de Candinho (Sergio Guiz\u00e9) nunca tenha dado sinal de que queria algo mais com In\u00eas, a portuguesa come\u00e7a a se sentir tra\u00edda pela madame<\/p>\n<p>continua depois da publicidade<\/p>\n<p>A gota d&#8217;\u00e1gua ser\u00e1 quando Sandra foi obrigada a forjar a pr\u00f3pria morte para n\u00e3o ser presa, com a ajuda e cumplicidade da empregada. Apesar do trabalho para mant\u00ea-la em seguran\u00e7a, a loira decide se revelar para Ernesto.<\/p>\n<p><a href=\"https:\/\/natelinha.uol.com.br\/novelas\/2025\/10\/21\/eta-mundo-melhor-sandra-deixa-rastro-de-que-esta-viva-232843.php\" rel=\"nofollow noopener\" target=\"_blank\">+\u00a0\u00cata Mundo Melhor: Sandra deixa rastro de que est\u00e1 viva<\/a><\/p>\n<p>Inconformada com a obsess\u00e3o da irm\u00e3 de Celso pelo malandro, e cansada de n\u00e3o ter o seu valor reconhecido, In\u00eas vai aplicar um golpe no casal, roubar um colar da loira e dinheiro que o safado guardou, e fugir para Portugal. &#8220;Foi bom enquanto durou, querida!&#8221;, dir\u00e1 ela antes de partir.<\/p>\n<p>A cena est\u00e1 prevista para ir ao ar no cap\u00edtulo do dia 23 de outubro.<\/p>\n<p>continua depois da publicidade<\/p>\n<p>O\u00a0<strong>NaTelinha<\/strong>\u00a0divulga todos os dias os\u00a0<a href=\"https:\/\/natelinha.uol.com.br\/novelas\" rel=\"nofollow noopener\" target=\"_blank\"><strong>resumos dos cap\u00edtulos<\/strong><\/a>, detalhes dos personagens, entrevistas exclusivas com o elenco e spoiler da novela \u00cata Mundo Melhor.\u00a0<\/p>\n<p><strong>Assista \u00e0 chamada de \u00cata Mundo Melhor:\u00a0<\/strong><\/p>\n<p>                                <img decoding=\"async\" loading=\"lazy\" class=\"horizontal\" alt=\"Imagem da thumbnail do v\u00eddeo!\" src=\"https:\/\/www.europesays.com\/pt\/wp-content\/uploads\/2025\/07\/1753763173_835_hqdefault.jpg\"\/><\/p>\n","protected":false},"excerpt":{"rendered":"Nos pr\u00f3ximos cap\u00edtulos de \u00cata Mundo Melhor, In\u00eas (Joana Solnado) passa a perna em Sandra (Fl\u00e1via Alessandra) e&hellip;\n","protected":false},"author":2,"featured_media":123121,"comment_status":"","ping_status":"","sticky":false,"template":"","format":"standard","meta":{"footnotes":""},"categories":[142],"tags":[114,115,3380,3378,32,33,3381,151],"class_list":{"0":"post-123120","1":"post","2":"type-post","3":"status-publish","4":"format-standard","5":"has-post-thumbnail","7":"category-tv","8":"tag-entertainment","9":"tag-entretenimento","10":"tag-ernesto-eta-mundo-melhor","11":"tag-eta-mundo-melhor","12":"tag-portugal","13":"tag-pt","14":"tag-sandra-eta-mundo-melhor","15":"tag-tv"},"share_on_mastodon":{"url":"https:\/\/pubeurope.com\/@pt\/115423748234991198","error":""},"_links":{"self":[{"href":"https:\/\/www.europesays.com\/pt\/wp-json\/wp\/v2\/posts\/123120","targetHints":{"allow":["GET"]}}],"collection":[{"href":"https:\/\/www.europesays.com\/pt\/wp-json\/wp\/v2\/posts"}],"about":[{"href":"https:\/\/www.europesays.com\/pt\/wp-json\/wp\/v2\/types\/post"}],"author":[{"embeddable":true,"href":"https:\/\/www.europesays.com\/pt\/wp-json\/wp\/v2\/users\/2"}],"replies":[{"embeddable":true,"href":"https:\/\/www.europesays.com\/pt\/wp-json\/wp\/v2\/comments?post=123120"}],"version-history":[{"count":0,"href":"https:\/\/www.europesays.com\/pt\/wp-json\/wp\/v2\/posts\/123120\/revisions"}],"wp:featuredmedia":[{"embeddable":true,"href":"https:\/\/www.europesays.com\/pt\/wp-json\/wp\/v2\/media\/123121"}],"wp:attachment":[{"href":"https:\/\/www.europesays.com\/pt\/wp-json\/wp\/v2\/media?parent=123120"}],"wp:term":[{"taxonomy":"category","embeddable":true,"href":"https:\/\/www.europesays.com\/pt\/wp-json\/wp\/v2\/categories?post=123120"},{"taxonomy":"post_tag","embeddable":true,"href":"https:\/\/www.europesays.com\/pt\/wp-json\/wp\/v2\/tags?post=123120"}],"curies":[{"name":"wp","href":"https:\/\/api.w.org\/{rel}","templated":true}]}}