{"id":123128,"date":"2025-10-23T13:39:12","date_gmt":"2025-10-23T13:39:12","guid":{"rendered":"https:\/\/www.europesays.com\/pt\/123128\/"},"modified":"2025-10-23T13:39:12","modified_gmt":"2025-10-23T13:39:12","slug":"prefeitura-municipal-de-boa-vista-3","status":"publish","type":"post","link":"https:\/\/www.europesays.com\/pt\/123128\/","title":{"rendered":"Prefeitura Municipal de Boa Vista"},"content":{"rendered":"<p>Para garantir maior seguran\u00e7a sanit\u00e1ria, prevenindo doen\u00e7as que afetam tanto bovinos quanto a sa\u00fade humana, a Prefeitura de Boa Vista tem apoiado a vacina\u00e7\u00e3o de rebanhos contra a brucelose nas 17 comunidades ind\u00edgenas do munic\u00edpio. A imuniza\u00e7\u00e3o \u00e9 obrigat\u00f3ria e a compra, manuseio e administra\u00e7\u00e3o do imunobiol\u00f3gico \u00e9 autorizada apenas para veterin\u00e1rios ou t\u00e9cnicos capacitados.<\/p>\n<p>Com a disponibiliza\u00e7\u00e3o de assist\u00eancia t\u00e9cnica e log\u00edstica necess\u00e1ria, a prefeitura colabora diretamente com os produtores na aplica\u00e7\u00e3o da vacina, contribuindo para a melhoria da qualidade do rebanho, o aumento da produtividade e o fortalecimento do setor. O secret\u00e1rio de Agricultura e Assuntos Ind\u00edgenas, Cezar Riva, afirmou que essa a\u00e7\u00e3o refor\u00e7a o compromisso da prefeitura com as comunidades ind\u00edgenas.<\/p>\n<p>\u00a0<\/p>\n<p><img loading=\"lazy\" decoding=\"async\" class=\"img-fluid mx-auto d-block\" alt=\"\" height=\"400\" src=\"https:\/\/www.europesays.com\/pt\/wp-content\/uploads\/2025\/10\/54870472881_d701223873_k.jpg\" width=\"600\"\/>&#13;<br \/>\nTodas as comunidades ind\u00edgenas receber\u00e3o servi\u00e7o&#13;<\/p>\n<p>\u00a0<\/p>\n<p>\u201cA vacina contra a brucelose \u00e9 essencial para manter a sa\u00fade dos rebanhos e proteger a popula\u00e7\u00e3o, pois a imuniza\u00e7\u00e3o contribui para o controle sanit\u00e1rio nas propriedades, fortalecendo a seguran\u00e7a alimentar e garantindo qualidade na produ\u00e7\u00e3o. Nosso trabalho \u00e9 levar assist\u00eancia t\u00e9cnica e seguran\u00e7a sanit\u00e1ria a todos os produtores, valorizando quem vive e trabalha nas comunidades ind\u00edgenas. A vacina\u00e7\u00e3o das bezerras (entre 3 e 8 meses) \u00e9 a principal forma de preven\u00e7\u00e3o e controle da doen\u00e7a, que n\u00e3o tem cura, exigindo o sacrif\u00edcio do animal positivo\u201d, disse.<\/p>\n<p><strong>Rebanho protegido<\/strong><\/p>\n<p>Zoonose que ataca os \u00f3rg\u00e3os reprodutores dos animais, a brucelose causa abortos, al\u00e9m de representar riscos \u00e0 sa\u00fade humana. A estimativa \u00e9 que cerca de 250 doses do imunizante sejam aplicadas no per\u00edodo de imuniza\u00e7\u00e3o. Tuxaua da Comunidade Campo Alegre, Marister da Silva, afirma que, ao destinar um profissional para atender as comunidades, a prefeitura reduz custos operacionais dos produtores.<\/p>\n<p>\u00a0<\/p>\n<p><img loading=\"lazy\" decoding=\"async\" class=\"img-fluid mx-auto d-block\" alt=\"\" height=\"400\" src=\"https:\/\/www.europesays.com\/pt\/wp-content\/uploads\/2025\/10\/54870768370_c5d2af7bb5_k.jpg\" width=\"600\"\/>&#13;<br \/>\nPrefeitura segue com apoio aos produtores ind\u00edgenas&#13;<\/p>\n<p>\u00a0<\/p>\n<p>\u201cEsse apoio na vacina\u00e7\u00e3o \u00e9 muito importante para n\u00f3s, porque sairia muito caro para um veterin\u00e1rio vir at\u00e9 aqui e vacinar o nosso rebanho. A prefeitura contribui diariamente com as comunidades, tanto na pecu\u00e1ria quanto na agricultura. Hoje, os t\u00e9cnicos est\u00e3o aqui e j\u00e1 garantiram a vacina\u00e7\u00e3o, deixando tudo de acordo com as exig\u00eancias da lei. Agora, a sa\u00fade dos animais est\u00e1 garantida\u201d, contou.<\/p>\n<p>\u00a0<\/p>\n<p><img loading=\"lazy\" decoding=\"async\" class=\"img-fluid mx-auto d-block\" alt=\"\" height=\"400\" src=\"https:\/\/www.europesays.com\/pt\/wp-content\/uploads\/2025\/10\/54869618632_ed48584368_k.jpg\" width=\"600\"\/>&#13;<br \/>\nVacina\u00e7\u00e3o ocorre durante toda a semana&#13;<\/p>\n<p>\u00a0<\/p>\n<p>O vaqueiro da Comunidade Ilha, Gleisson do Vale, tamb\u00e9m aprovou o trabalho da prefeitura, que antes j\u00e1 fazia a imuniza\u00e7\u00e3o dos rebanhos nas comunidades ind\u00edgenas contra a febre aftosa, contribuindo para a aquisi\u00e7\u00e3o do status de livre da doen\u00e7a sem vacina\u00e7\u00e3o. Agora, com essa a\u00e7\u00e3o de combate \u00e0 brucelose, \u00e9 garantia de maiior seguran\u00e7a sanit\u00e1ria e alimentar.<\/p>\n<p>\u00a0<\/p>\n<p><img loading=\"lazy\" decoding=\"async\" class=\"img-fluid mx-auto d-block\" alt=\"\" height=\"400\" src=\"https:\/\/www.europesays.com\/pt\/wp-content\/uploads\/2025\/10\/54870472526_32035ec70c_k.jpg\" width=\"600\"\/>&#13;<br \/>\nVeterin\u00e1rio percorre as 17 comunidades ind\u00edgenas de Boa Vista&#13;<\/p>\n<p>\u00a0<\/p>\n<p>\u201cA prefeitura sempre est\u00e1 fazendo esse acompanhamento com a sa\u00fade animal, desde a campanha da aftosa, vermifuga\u00e7\u00e3o e brucelose, que \u00e9 um cuidado que tem que precisamos ter com nossos animais. Com esse apoio dentro das comunidades, cumprimos obrigatoriedade regional e nacional para conter essas doen\u00e7as. Ent\u00e3o, a prefeitura sempre olhou por esse lado e sempre esteve em a\u00e7\u00e3o\u201d, destacou.<\/p>\n<p><strong>Uma vacina a menos<\/strong><\/p>\n<p>\u00a0<\/p>\n<p><img loading=\"lazy\" decoding=\"async\" class=\"img-fluid mx-auto d-block\" alt=\"\" height=\"400\" src=\"https:\/\/www.europesays.com\/pt\/wp-content\/uploads\/2025\/10\/54870767295_75213be627_k.jpg\" width=\"600\"\/>&#13;<br \/>\nBrucelose \u00e9 uma zoonose que amea\u00e7a sa\u00fade animal e humana&#13;<\/p>\n<p>\u00a0<\/p>\n<p>Em 2024, o Minist\u00e9rio da Agricultura e Pecu\u00e1ria (MAPA) reconheceu o estado de Roraima como livre da aftosa sem vacina\u00e7\u00e3o. Durante o per\u00edodo obrigat\u00f3rio da imuniza\u00e7\u00e3o dos rebanhos, que ocorre anualmente em duas etapas, a prefeitura prestou assist\u00eancia aos criadores, somando esfor\u00e7os para a conquista do status. At\u00e9 ent\u00e3o, era obrigat\u00f3ria a imuniza\u00e7\u00e3o para a manuten\u00e7\u00e3o do estado seguir livre da doen\u00e7a.<\/p>\n<p>\u00a0<\/p>\n<p><img loading=\"lazy\" decoding=\"async\" class=\"img-fluid mx-auto d-block\" alt=\"\" height=\"400\" src=\"https:\/\/www.europesays.com\/pt\/wp-content\/uploads\/2025\/10\/54870767805_2f77e1e7d0_k.jpg\" width=\"600\"\/>&#13;<br \/>\nCerca de 250 doses do imunizante ser\u00e3o aplicadas&#13;<\/p>\n<p>\u00a0<\/p>\n","protected":false},"excerpt":{"rendered":"Para garantir maior seguran\u00e7a sanit\u00e1ria, prevenindo doen\u00e7as que afetam tanto bovinos quanto a sa\u00fade humana, a Prefeitura de&hellip;\n","protected":false},"author":2,"featured_media":123129,"comment_status":"","ping_status":"","sticky":false,"template":"","format":"standard","meta":{"footnotes":""},"categories":[86],"tags":[822,826,827,116,824,820,825,32,33,823,117,821,828],"class_list":{"0":"post-123128","1":"post","2":"type-post","3":"status-publish","4":"format-standard","5":"has-post-thumbnail","7":"category-saude","8":"tag-boa-vista-rr","9":"tag-diario-oficial-de-boa-vista","10":"tag-editais-prefeitura","11":"tag-health","12":"tag-noticias-roraima","13":"tag-pmbv","14":"tag-portal-transparencia-prefeitura","15":"tag-portugal","16":"tag-pt","17":"tag-roraima","18":"tag-saude","19":"tag-site-prefeitura-de-boa-vista","20":"tag-turismo-roraima"},"share_on_mastodon":{"url":"https:\/\/pubeurope.com\/@pt\/115423764059681090","error":""},"_links":{"self":[{"href":"https:\/\/www.europesays.com\/pt\/wp-json\/wp\/v2\/posts\/123128","targetHints":{"allow":["GET"]}}],"collection":[{"href":"https:\/\/www.europesays.com\/pt\/wp-json\/wp\/v2\/posts"}],"about":[{"href":"https:\/\/www.europesays.com\/pt\/wp-json\/wp\/v2\/types\/post"}],"author":[{"embeddable":true,"href":"https:\/\/www.europesays.com\/pt\/wp-json\/wp\/v2\/users\/2"}],"replies":[{"embeddable":true,"href":"https:\/\/www.europesays.com\/pt\/wp-json\/wp\/v2\/comments?post=123128"}],"version-history":[{"count":0,"href":"https:\/\/www.europesays.com\/pt\/wp-json\/wp\/v2\/posts\/123128\/revisions"}],"wp:featuredmedia":[{"embeddable":true,"href":"https:\/\/www.europesays.com\/pt\/wp-json\/wp\/v2\/media\/123129"}],"wp:attachment":[{"href":"https:\/\/www.europesays.com\/pt\/wp-json\/wp\/v2\/media?parent=123128"}],"wp:term":[{"taxonomy":"category","embeddable":true,"href":"https:\/\/www.europesays.com\/pt\/wp-json\/wp\/v2\/categories?post=123128"},{"taxonomy":"post_tag","embeddable":true,"href":"https:\/\/www.europesays.com\/pt\/wp-json\/wp\/v2\/tags?post=123128"}],"curies":[{"name":"wp","href":"https:\/\/api.w.org\/{rel}","templated":true}]}}