{"id":123130,"date":"2025-10-23T13:40:41","date_gmt":"2025-10-23T13:40:41","guid":{"rendered":"https:\/\/www.europesays.com\/pt\/123130\/"},"modified":"2025-10-23T13:40:41","modified_gmt":"2025-10-23T13:40:41","slug":"pude-abrir-o-meu-coracao-e-dizer-as-verdades","status":"publish","type":"post","link":"https:\/\/www.europesays.com\/pt\/123130\/","title":{"rendered":"\u201cPude abrir o meu cora\u00e7\u00e3o e dizer as verdades\u201d"},"content":{"rendered":"<p>Em entrevista a L\u00e9o Caeiro, Z\u00e9 quebra o sil\u00eancio sobre trai\u00e7\u00e3o de Liliana no Secret Story: \u201cPude abrir o meu cora\u00e7\u00e3o e dizer as verdades\u201d, disse.<\/p>\n<p><strong>Entrevista de Leo Caeiro promete revela\u00e7\u00f5es sobre o ex-noivado da Casa dos Segredos<\/strong><\/p>\n<p>Leo Caeiro conversou recentemente com <strong>Z\u00e9<\/strong>, o ex-noivo de <strong>Liliana<\/strong>, da Casa dos Segredos.<br \/>A entrevista, que ser\u00e1 emitida nos pr\u00f3ximos dias na <strong>CMTV<\/strong>, promete trazer \u00e0 luz novos detalhes sobre a rela\u00e7\u00e3o e a pol\u00e9mica trai\u00e7\u00e3o que marcou o programa.<\/p>\n<p>Logo no in\u00edcio da conversa, Leo Caeiro contextualiza o momento, dizendo:<br \/><strong>\u201cEstou aqui com o Z\u00e9, que nos abriu o cora\u00e7\u00e3o para falar sobre a rela\u00e7\u00e3o que teve com a Liliana e sobre o p\u00f3s-trai\u00e7\u00e3o da Liliana em plena gala em direto. Z\u00e9, como \u00e9 que te sentes?\u201d<\/strong><\/p>\n<p><strong>Z\u00e9 fala sobre o momento dif\u00edcil<\/strong><\/p>\n<p>Perante a quest\u00e3o, Z\u00e9 respondeu com sinceridade e alguma emo\u00e7\u00e3o, revelando que este reencontro com o passado foi intenso mas necess\u00e1rio.<br \/><strong>\u201cAcho que n\u00e3o sinto-me bem, neste momento, porque a conversa foi uma conversa tranquila, uma conversa em que eu pude abrir o meu cora\u00e7\u00e3o e dizer as verdades e dizer aquilo que sinto, e \u00e9 por a\u00ed.\u201d<\/strong><\/p>\n<p>Veja a publica\u00e7\u00e3o <a href=\"https:\/\/www.instagram.com\/reel\/DQFNUIODPL-\/?utm_source=ig_embed\" rel=\"nofollow noopener\" target=\"_blank\">AQUI<\/a>.<\/p>\n<p><a href=\"https:\/\/news.google.com\/publications\/CAAqBwgKMKfIoAswtNK4Aw\" target=\"_blank\" rel=\"noopener noreferrer nofollow\"><img loading=\"lazy\" data-lazyloaded=\"1\" width=\"481\" height=\"161\" decoding=\"async\" src=\"\/wp-content\/uploads\/2024\/02\/GN_siganos.png\" alt=\"Siga-nos no Google News\" style=\"margin-top:20px;\"\/><\/a><script async src=\"\/\/www.instagram.com\/embed.js\"><\/script><\/p>\n","protected":false},"excerpt":{"rendered":"Em entrevista a L\u00e9o Caeiro, Z\u00e9 quebra o sil\u00eancio sobre trai\u00e7\u00e3o de Liliana no Secret Story: \u201cPude abrir&hellip;\n","protected":false},"author":2,"featured_media":123131,"comment_status":"","ping_status":"","sticky":false,"template":"","format":"standard","meta":{"footnotes":""},"categories":[85],"tags":[2632,9402,114,115,20104,32,33],"class_list":{"0":"post-123130","1":"post","2":"type-post","3":"status-publish","4":"format-standard","5":"has-post-thumbnail","7":"category-entretenimento","8":"tag-casa-dos-segredos","9":"tag-cmtv","10":"tag-entertainment","11":"tag-entretenimento","12":"tag-leo-caeiro","13":"tag-portugal","14":"tag-pt"},"share_on_mastodon":{"url":"https:\/\/pubeurope.com\/@pt\/115423767677955565","error":""},"_links":{"self":[{"href":"https:\/\/www.europesays.com\/pt\/wp-json\/wp\/v2\/posts\/123130","targetHints":{"allow":["GET"]}}],"collection":[{"href":"https:\/\/www.europesays.com\/pt\/wp-json\/wp\/v2\/posts"}],"about":[{"href":"https:\/\/www.europesays.com\/pt\/wp-json\/wp\/v2\/types\/post"}],"author":[{"embeddable":true,"href":"https:\/\/www.europesays.com\/pt\/wp-json\/wp\/v2\/users\/2"}],"replies":[{"embeddable":true,"href":"https:\/\/www.europesays.com\/pt\/wp-json\/wp\/v2\/comments?post=123130"}],"version-history":[{"count":0,"href":"https:\/\/www.europesays.com\/pt\/wp-json\/wp\/v2\/posts\/123130\/revisions"}],"wp:featuredmedia":[{"embeddable":true,"href":"https:\/\/www.europesays.com\/pt\/wp-json\/wp\/v2\/media\/123131"}],"wp:attachment":[{"href":"https:\/\/www.europesays.com\/pt\/wp-json\/wp\/v2\/media?parent=123130"}],"wp:term":[{"taxonomy":"category","embeddable":true,"href":"https:\/\/www.europesays.com\/pt\/wp-json\/wp\/v2\/categories?post=123130"},{"taxonomy":"post_tag","embeddable":true,"href":"https:\/\/www.europesays.com\/pt\/wp-json\/wp\/v2\/tags?post=123130"}],"curies":[{"name":"wp","href":"https:\/\/api.w.org\/{rel}","templated":true}]}}