{"id":123132,"date":"2025-10-23T13:44:13","date_gmt":"2025-10-23T13:44:13","guid":{"rendered":"https:\/\/www.europesays.com\/pt\/123132\/"},"modified":"2025-10-23T13:44:13","modified_gmt":"2025-10-23T13:44:13","slug":"dois-jornalistas-ucranianos-mortos-por-drone-russo-no-leste-da-ucrania","status":"publish","type":"post","link":"https:\/\/www.europesays.com\/pt\/123132\/","title":{"rendered":"Dois jornalistas ucranianos mortos por drone russo no leste da Ucr\u00e2nia"},"content":{"rendered":"<p>                <b>A Freedom TV informou que os jornalistas (Aliona Gramova e Yevgen Karmazin) foram mortos enquanto se encontravam dentro de um carro num posto de gasolina. Um terceiro jornalista, Alexander Kolichev, ficou ferido e foi hospitalizado, segundo o canal.<\/b><\/p>\n<p>O governador da regi\u00e3o de Donetsk divulgou imagens dos destro\u00e7os carbonizados do carro dos jornalistas.<br \/>&#13;\n<\/p>\n<blockquote class=\"twitter-tweet\"><p>&#13;<\/p>\n<p lang=\"en\" dir=\"ltr\">&#13;<br \/>\n\tJournalist Olena Hubanova (Freedom TV) and cameraman Yevhen Karmazin were killed in Kramatorsk by an enemy Lancet drone strike. They covered Donetsk\u2019s hottest frontlines from day one, exposing evacuations and Russian war crimes. Deep condolences to their families and colleagues. <a href=\"https:\/\/t.co\/BbRLwrhNh4\" rel=\"nofollow\">pic.twitter.com\/BbRLwrhNh4<\/a>&#13;\n\t<\/p>\n<p>&#13;<br \/>\n\t\u2014 \u0412\u0430\u0434\u0438\u043c \u0424\u0456\u043b\u0430\u0448\u043a\u0456\u043d \/ Vadym Filashkin (@filashkin) <a href=\"https:\/\/twitter.com\/filashkin\/status\/1981278434828402910?ref_src=twsrc%5Etfw\" rel=\"nofollow noopener\" target=\"_blank\">October 23, 2025<\/a>&#13;\n<\/p><\/blockquote>\n<p>\n<b>Um socorrista ucraniano tamb\u00e9m foi morto esta madrugada durante um ataque russo.<\/b><\/p>\n<p><b>Segundo a For\u00e7a A\u00e9rea ucraniana, Moscovo lan\u00e7ou 130 drones durante a \u00faltima noite. <\/b>Para al\u00e9m da morte de um socorrista, outros cinco ficaram feridos quando assistiam a um inc\u00eandio provocado por um bombardeamento numa aldeia na regi\u00e3o de Kharkiv.<\/p>\n<p>&#8220;Mais um crime contra os socorristas&#8221;, disseram os servi\u00e7os de emerg\u00eancia num comunicado publicado no Telegram.<\/p>\n<p><b>Em Kiev, nove pessoas ficaram feridas, segundo as autoridades locais, enquanto o ministro ucraniano dos Neg\u00f3cios Estrangeiros, Andriy Sybiga, denunciou um ataque que danificou uma sinagoga.<\/b><\/p>\n<p>&#8220;O terror russo n\u00e3o poupa ningu\u00e9m, nem mesmo as comunidades religiosas&#8221;, lamentou Sybiga no X, afirmando que desde o in\u00edcio da invas\u00e3o russa, em fevereiro de 2022, 67 l\u00edderes religiosos foram mortos e 640 locais de culto foram danificados.<\/p>\n<p>O chefe da administra\u00e7\u00e3o militar de Kiev, Tymur Tkachenko, disse que dez locais da capital ucraniana sofreram danos, tendo dois edif\u00edcios sido atingidos diretamente. <\/p>\n<p>Esta foi a segunda noite consecutiva de ataques em Kiev, na mais recente vaga de ataques russos. Pelo menos sete pessoas \u2014 seis delas em Kiev \u2014 foram mortas em ataques na Ucr\u00e2nia na quarta-feira, que tamb\u00e9m causaram cortes de energia. <\/p>\n<p>Na regi\u00e3o nordeste de Sumy, dois trabalhadores ferrovi\u00e1rios ficaram feridos, enquanto a operadora ferrovi\u00e1ria nacional reportou interrup\u00e7\u00f5es no tr\u00e1fego na zona fronteiri\u00e7a.<\/p>\n<p>Moscovo intensificou os seus ataques \u00e0 rede el\u00e9trica e \u00e0s infraestruturas ferrovi\u00e1rias ucranianas nas \u00faltimas semanas, argumentando que s\u00e3o em resposta aos ataques ucranianos contra alvos civis russos.<br \/>&#13;<br \/>\n<b><br \/>&#13;<br \/>\nPor sua vez, o Minist\u00e9rio russo da Defesa anunciou que abateu 139 drones ucranianos na \u00faltima noite, sobretudo sobre as regi\u00f5es ocidentais da fronteira com a Ucr\u00e2nia.<\/b><br \/>&#13;<br \/>\nR\u00fassia promete \u201cresposta dolorosa\u201d a san\u00e7\u00f5es da UE<br \/>&#13;<br \/>\nA nova vaga de ataques ocorreu depois de a Uni\u00e3o Europeia e os Estados Unidos terem imposto novas san\u00e7\u00f5es \u00e0 R\u00fassia.<\/p>\n<p><b>Os Estados Unidos anunciaram esta quinta-feira novas san\u00e7\u00f5es contra as duas maiores empresas petrol\u00edferas da R\u00fassia, Lukoil e Rosneft. Este \u00e9 mais um esfor\u00e7o de Washington para pressionar Moscovo a aceitar negociar um acordo de paz, uma vez que o presidente norte-americano, Donald Trump, disse que as negocia\u00e7\u00f5es com o seu hom\u00f3logo russo, Vladimir Putin, \u201cn\u00e3o v\u00e3o a lado nenhum\u201d.<\/b><\/p>\n<p>&#8220;Sempre que falo com Vladimir, tenho boas conversas, mas elas n\u00e3o levam a lugar nenhum&#8221;, disse Trump, que anunciou que o encontro que tinha planeado com Putin em Budapeste foi adiado por tempo indeterminado. <br \/>&#13;<br \/>\n<b><br \/>&#13;<br \/>\nA Uni\u00e3o Europeia tamb\u00e9m aprovou esta quinta-feira a implementa\u00e7\u00e3o do <a href=\"https:\/\/www.rtp.pt\/noticias\/mundo\/uniao-europeia-aplica-19o-pacote-de-sancoes-a-russia_n1693084\" target=\"_blank\" rel=\"nofollow noopener\">19.\u00ba pacote de san\u00e7\u00f5es \u00e0 R\u00fassia<\/a>.<br \/>&#13;<br \/>\n<\/b>&#13;<br \/>\n<b><br \/>&#13;<br \/>\nMoscovo j\u00e1 avisou que dar\u00e1 uma \u201cresposta dolorosa\u201d a qualquer medida da Uni\u00e3o Europeia para confiscar os seus bens congelados.<\/b><\/p>\n<p>&#8220;Quaisquer a\u00e7\u00f5es com ativos russos sem o consentimento da R\u00fassia s\u00e3o nulas e sem efeito do ponto de vista do direito internacional e contratual. N\u00e3o h\u00e1 forma legal de tirar fundos a outra pessoa sem prejudicar os bolsos e o prest\u00edgio de quem os expropria&#8221;, disse a porta-voz do Minist\u00e9rio russo dos Neg\u00f3cios Estrangeiros, Maria Zakharova, aos jornalistas.<\/p>\n<p>&#13;<br \/>\n&#8220;Quaisquer iniciativas de confisco de Bruxelas resultar\u00e3o inevitavelmente numa resposta dolorosa. Agiremos em total conformidade com o princ\u00edpio da reciprocidade nas rela\u00e7\u00f5es internacionais, com base nos nossos pr\u00f3prios interesses e na necessidade de compensar os danos causados \u00e0 R\u00fassia\u201d, avisou.&#13;\n<\/p>\n<p>&#13;<br \/>\nc\/ ag\u00eancias&#13;\n<\/p>\n<p>            <script async src=\"https:\/\/platform.twitter.com\/widgets.js\" charset=\"utf-8\"><\/script><\/p>\n","protected":false},"excerpt":{"rendered":"A Freedom TV informou que os jornalistas (Aliona Gramova e Yevgen Karmazin) foram mortos enquanto se encontravam dentro&hellip;\n","protected":false},"author":2,"featured_media":123133,"comment_status":"","ping_status":"","sticky":false,"template":"","format":"standard","meta":{"footnotes":""},"categories":[50],"tags":[3391,27,28,837,15,16,830,14,25,26,21,22,62,12,13,19,20,23,24,839,17,18,840,29,30,31,63,64,65],"class_list":{"0":"post-123132","1":"post","2":"type-post","3":"status-publish","4":"format-standard","5":"has-post-thumbnail","7":"category-mundo","8":"tag-ataques","9":"tag-breaking-news","10":"tag-breakingnews","11":"tag-drones","12":"tag-featured-news","13":"tag-featurednews","14":"tag-guerra","15":"tag-headlines","16":"tag-latest-news","17":"tag-latestnews","18":"tag-main-news","19":"tag-mainnews","20":"tag-mundo","21":"tag-news","22":"tag-noticias","23":"tag-noticias-principais","24":"tag-noticiasprincipais","25":"tag-principais-noticias","26":"tag-principaisnoticias","27":"tag-russia","28":"tag-top-stories","29":"tag-topstories","30":"tag-ucrania","31":"tag-ultimas","32":"tag-ultimas-noticias","33":"tag-ultimasnoticias","34":"tag-world","35":"tag-world-news","36":"tag-worldnews"},"share_on_mastodon":{"url":"https:\/\/pubeurope.com\/@pt\/115423783386450939","error":""},"_links":{"self":[{"href":"https:\/\/www.europesays.com\/pt\/wp-json\/wp\/v2\/posts\/123132","targetHints":{"allow":["GET"]}}],"collection":[{"href":"https:\/\/www.europesays.com\/pt\/wp-json\/wp\/v2\/posts"}],"about":[{"href":"https:\/\/www.europesays.com\/pt\/wp-json\/wp\/v2\/types\/post"}],"author":[{"embeddable":true,"href":"https:\/\/www.europesays.com\/pt\/wp-json\/wp\/v2\/users\/2"}],"replies":[{"embeddable":true,"href":"https:\/\/www.europesays.com\/pt\/wp-json\/wp\/v2\/comments?post=123132"}],"version-history":[{"count":0,"href":"https:\/\/www.europesays.com\/pt\/wp-json\/wp\/v2\/posts\/123132\/revisions"}],"wp:featuredmedia":[{"embeddable":true,"href":"https:\/\/www.europesays.com\/pt\/wp-json\/wp\/v2\/media\/123133"}],"wp:attachment":[{"href":"https:\/\/www.europesays.com\/pt\/wp-json\/wp\/v2\/media?parent=123132"}],"wp:term":[{"taxonomy":"category","embeddable":true,"href":"https:\/\/www.europesays.com\/pt\/wp-json\/wp\/v2\/categories?post=123132"},{"taxonomy":"post_tag","embeddable":true,"href":"https:\/\/www.europesays.com\/pt\/wp-json\/wp\/v2\/tags?post=123132"}],"curies":[{"name":"wp","href":"https:\/\/api.w.org\/{rel}","templated":true}]}}