{"id":123138,"date":"2025-10-23T13:49:27","date_gmt":"2025-10-23T13:49:27","guid":{"rendered":"https:\/\/www.europesays.com\/pt\/123138\/"},"modified":"2025-10-23T13:49:27","modified_gmt":"2025-10-23T13:49:27","slug":"biblioteca-publica-de-santa-catarina-premia-leitores-que-mais-pegaram-livros-emprestados-em-2025","status":"publish","type":"post","link":"https:\/\/www.europesays.com\/pt\/123138\/","title":{"rendered":"Biblioteca P\u00fablica de Santa Catarina premia leitores que mais pegaram livros emprestados em 2025"},"content":{"rendered":"<p>Foto: M\u00e1rcio Henrique Martins \/ FCC<\/p>\n<p>No dia 29 de outubro, \u00e0s 17h, como parte da programa\u00e7\u00e3o da\u00a0<a href=\"https:\/\/estado.sc.gov.br\/noticias\/biblioteca-publica-de-santa-catarina-promove-atividades-em-alusao-ao-mes-das-criancas-e-semana-nacional-do-livro-e-da-biblioteca\/\" rel=\"nofollow noopener\" target=\"_blank\">Semana da Crian\u00e7a, dos Livros e da Biblioteca<\/a>, ser\u00e3o entregues pela Biblioteca P\u00fablica de Santa Catarina os pr\u00eamios Estrela da Leitura e Leitor Nota 10!. As iniciativas t\u00eam o objetivo de reconhecer os frequentadores que mais retiraram\/emprestaram livros na Biblioteca em 2025.<\/p>\n<p>A Biblioteca P\u00fablica de Santa Catarina \u00e9 um espa\u00e7o administrado pelo Governo do Estado, por meio da Funda\u00e7\u00e3o Catarinense de Cultura, e est\u00e1 localizada na Rua Tenente Silveira, n\u00ba 343, no Centro de Florian\u00f3polis.<\/p>\n<p><strong>Estrela da Leitura<\/strong><\/p>\n<p>Como forma de estimular a leitura entre os mais jovens, a Biblioteca P\u00fablica de Santa Catarina premia anualmente os leitores com idades entre 0 e 18 anos que mais fizeram empr\u00e9stimos de obras no setor Infantojuvenil. Eles est\u00e3o divididos em tr\u00eas categorias: Categoria A \u2013 0 a 7 anos; Categoria B \u2013 8 a 11 anos; e Categoria C \u2013 12 a 18 anos.<\/p>\n<p><strong><strong>Leitor Nota 10!<\/strong><\/strong><\/p>\n<p>A Biblioteca P\u00fablica de Santa Catarina \u00e9 reconhecida como patrim\u00f4nio bibliogr\u00e1fico cultural catarinense com pol\u00edticas\u00a0p\u00fablicas voltadas para o\u00a0incentivo \u00e0 leitura e \u00e0 informa\u00e7\u00e3o.\u00a0 Em celebra\u00e7\u00e3o ao Dia Nacional do Livro, comemorado no\u00a0dia 29 de outubro, a BPSC lan\u00e7a o Pr\u00eamio Leitor nota 10!, pelo qual homenageia seus leitores\u00a0adultos mais ass\u00edduos em 2025 com um kit de livros.<\/p>\n<p>Para incentivar a leitura como um h\u00e1bito\u00a0para a vida toda, foram criadas as seguintes categorias: Categoria 1 \u2013 leitores de 19 a 40 anos; Categoria 2 \u2013 leitores de 41 a 60 anos; Categoria 3 \u2013 leitores com mais de 60 anos; e Categoria 4 \u2013 livros em Braille. Ser\u00e3o premiados oa tr\u00eas leitores com maior n\u00famero de empr\u00e9stimos realizados em 2025.<\/p>\n","protected":false},"excerpt":{"rendered":"Foto: M\u00e1rcio Henrique Martins \/ FCC No dia 29 de outubro, \u00e0s 17h, como parte da programa\u00e7\u00e3o da\u00a0Semana&hellip;\n","protected":false},"author":2,"featured_media":123139,"comment_status":"","ping_status":"","sticky":false,"template":"","format":"standard","meta":{"footnotes":""},"categories":[143],"tags":[169,114,115,170,32,33],"class_list":{"0":"post-123138","1":"post","2":"type-post","3":"status-publish","4":"format-standard","5":"has-post-thumbnail","7":"category-livros","8":"tag-books","9":"tag-entertainment","10":"tag-entretenimento","11":"tag-livros","12":"tag-portugal","13":"tag-pt"},"share_on_mastodon":{"url":"https:\/\/pubeurope.com\/@pt\/115423803191224648","error":""},"_links":{"self":[{"href":"https:\/\/www.europesays.com\/pt\/wp-json\/wp\/v2\/posts\/123138","targetHints":{"allow":["GET"]}}],"collection":[{"href":"https:\/\/www.europesays.com\/pt\/wp-json\/wp\/v2\/posts"}],"about":[{"href":"https:\/\/www.europesays.com\/pt\/wp-json\/wp\/v2\/types\/post"}],"author":[{"embeddable":true,"href":"https:\/\/www.europesays.com\/pt\/wp-json\/wp\/v2\/users\/2"}],"replies":[{"embeddable":true,"href":"https:\/\/www.europesays.com\/pt\/wp-json\/wp\/v2\/comments?post=123138"}],"version-history":[{"count":0,"href":"https:\/\/www.europesays.com\/pt\/wp-json\/wp\/v2\/posts\/123138\/revisions"}],"wp:featuredmedia":[{"embeddable":true,"href":"https:\/\/www.europesays.com\/pt\/wp-json\/wp\/v2\/media\/123139"}],"wp:attachment":[{"href":"https:\/\/www.europesays.com\/pt\/wp-json\/wp\/v2\/media?parent=123138"}],"wp:term":[{"taxonomy":"category","embeddable":true,"href":"https:\/\/www.europesays.com\/pt\/wp-json\/wp\/v2\/categories?post=123138"},{"taxonomy":"post_tag","embeddable":true,"href":"https:\/\/www.europesays.com\/pt\/wp-json\/wp\/v2\/tags?post=123138"}],"curies":[{"name":"wp","href":"https:\/\/api.w.org\/{rel}","templated":true}]}}