{"id":12314,"date":"2025-08-02T00:39:10","date_gmt":"2025-08-02T00:39:10","guid":{"rendered":"https:\/\/www.europesays.com\/pt\/12314\/"},"modified":"2025-08-02T00:39:10","modified_gmt":"2025-08-02T00:39:10","slug":"como-amigo-e-administrador-da-equipa-da-miranda","status":"publish","type":"post","link":"https:\/\/www.europesays.com\/pt\/12314\/","title":{"rendered":"Como Amigo e Administrador da Equipa da Miranda"},"content":{"rendered":"<p>\t\t\t\t\t\t\t\t\t\t\t\t<a href=\"#\" onclick=\"window.open('http:\/\/www.facebook.com\/sharer.php?u=https:\/\/cusquices.com\/sergio-duarte-emite-comunicado-como-como-amigo-e-administrador-da-equipa-da-miranda\/&amp;t=S\u00e9rgio Duarte emite comunicado como: \u201cComo Amigo e Administrador da Equipa da Miranda\u201d', 'facebookShare', 'width=626,height=436'); return false;\" title=\"Share on Facebook\"><\/p>\n<p>Share<\/p>\n<p><\/a><br \/>\n\t\t\t\t\t\t\t\t\t\t\t\t<a href=\"#\" onclick=\"window.open('http:\/\/twitter.com\/share?text=S\u00e9rgio Duarte emite comunicado como: \u201cComo Amigo e Administrador da Equipa da Miranda\u201d -&amp;url=https:\/\/cusquices.com\/sergio-duarte-emite-comunicado-como-como-amigo-e-administrador-da-equipa-da-miranda\/', 'twitterShare', 'width=626,height=436'); return false;\" title=\"Tweet This Post\"><\/p>\n<p>Tweet<\/p>\n<p><\/a><br \/>\n\t\t\t\t\t\t\t\t\t\t\t\t<a href=\"whatsapp:\/\/send?text=S\u00e9rgio Duarte emite comunicado como: \u201cComo Amigo e Administrador da Equipa da Miranda\u201d https:\/\/cusquices.com\/sergio-duarte-emite-comunicado-como-como-amigo-e-administrador-da-equipa-da-miranda\/\" rel=\"nofollow\"><\/p>\n<p>Share<\/p>\n<p><\/a><br \/>\n\t\t\t\t\t\t\t\t\t\t\t\t<a href=\"#\" onclick=\"window.open('http:\/\/pinterest.com\/pin\/create\/button\/?url=https:\/\/cusquices.com\/sergio-duarte-emite-comunicado-como-como-amigo-e-administrador-da-equipa-da-miranda\/&amp;media=https:\/\/cusquices.com\/wp-content\/uploads\/2025\/07\/sergiod-catarinam-1000x600.png&amp;description=S\u00e9rgio Duarte emite comunicado como: \u201cComo Amigo e Administrador da Equipa da Miranda\u201d', 'pinterestShare', 'width=750,height=350'); return false;\" title=\"Pin This Post\"><\/p>\n<p>Share<\/p>\n<p><\/a><br \/>\n\t\t\t\t\t\t\t\t\t\t\t\t<a href=\"mailto:?subject=S\u00e9rgio Duarte emite comunicado como: \u201cComo Amigo e Administrador da Equipa da Miranda\u201d&amp;BODY=I found this article interesting and thought of sharing it with you. Check it out: https:\/\/cusquices.com\/sergio-duarte-emite-comunicado-como-como-amigo-e-administrador-da-equipa-da-miranda\/\"><\/p>\n<p>Email<\/p>\n<p><\/a><br \/>\n\t\t\t\t\t\t\t\t\t\t\t\t\t\t\t\t\t\t\t\t\t\t\t\t\t\t\t\t\t\t\t\t\t\t\t\t\t\t\t\t\t\t\t\t\t\t\t\t\t\t\t\t\t<a href=\"https:\/\/cusquices.com\/sergio-duarte-emite-comunicado-como-como-amigo-e-administrador-da-equipa-da-miranda\/#respond\" rel=\"nofollow noopener\" target=\"_blank\"><\/p>\n<p>A gala do <strong>Big Brother Ver\u00e3o<\/strong> aproxima-se a passos largos e c\u00e1 fora as teams mobilizam-se para salvar os seus favoritos. Recorde-se que em risco esta semana temos: <strong>Afonso Leit\u00e3o, Catarina Miranda, Daniela Santos, Jo\u00e3o Oliveira e Kina<\/strong>.<\/p>\n<p><strong>S\u00e9rgio Duarte,<\/strong> ex-concorrente do<strong> Big Brother 2023<\/strong> e amigo de <strong>Catarina Miranda<\/strong>, recorreu \u00e0s redes sociais na noite desta quinta-feira, 31 de julho, para fazer um esclarecimento. Tudo porque a Team de Afonso Leit\u00e3o declarou que a Team de Miranda os ia ajudar a salv\u00e1-lo: <strong>\u201cMalta eles podem sim ajudar nos em salva\u00e7\u00f5es tou a falar com o S\u00e9rgio sobre isso\u201d,<\/strong> podia ler-se na mensagem de um dos apoiantes do ex-militar.<\/p>\n<p>S\u00e9rgio reagiu e deixou bem claro que a Team de Miranda s\u00f3 ir\u00e1 apoiar <strong>Catarina Miranda: \u201c<br \/>Como Amigo e Administrador da Equipa da Miranda, venho deixar claro que apoiamos, \u00fanica e exclusivamente, a Catarina!\u201d,<\/strong> come\u00e7ou por dizer o agente da GNR.<\/p>\n<p><strong>\u201cA din\u00e2mica Miranda e Afonso \u00e9 uma mais valia para ambos, mas o nosso apoio \u00e9 somente nela! Todos s\u00e3o importantes, embora o Afonso devido \u00e0 proximidade que tem com ela, acabe por ter outra relev\u00e2ncia no seu jogo! Estamos atentos a isso e n\u00e3o queremos que o Afonso saia!\u201d<\/strong>, esclareceu ainda S\u00e9rgio.<\/p>\n<p><img loading=\"lazy\" decoding=\"async\" width=\"581\" height=\"1024\" src=\"https:\/\/www.europesays.com\/pt\/wp-content\/uploads\/2025\/08\/sergio-teammiranda-581x1024.png\" alt=\"\" class=\"wp-image-97034 webpexpress-processed\"  \/><\/p>\n<p><strong>Leia tamb\u00e9m:<\/strong><\/p>\n<p>\t\t\t\t\t\t\t\t\t\t\t\t\t\t\t\t\t\t\t\t\t\t\t\t\t<img decoding=\"async\" src=\"https:\/\/www.europesays.com\/pt\/wp-content\/uploads\/2025\/07\/cusquices-logo-52x.png\" class=\"webpexpress-processed\"\/><\/p>\n<p>\t\t\t\t\t\t\t\t\t\t\t\t\t\t\t\t\t\t\t\t\t            \t\t\t\t\t\t\t\t\t\t\t\t\t\t\t\t\t\t\t\t\t\t\t\t\t\t\t\t\t\t\t\t\t\t\t\t\t\t\t<script async src=\"https:\/\/platform.twitter.com\/widgets.js\" charset=\"utf-8\"><\/script><\/p>\n","protected":false},"excerpt":{"rendered":"Share Tweet Share Share Email A gala do Big Brother Ver\u00e3o aproxima-se a passos largos e c\u00e1 fora&hellip;\n","protected":false},"author":2,"featured_media":12315,"comment_status":"","ping_status":"","sticky":false,"template":"","format":"standard","meta":{"footnotes":""},"categories":[85],"tags":[2031,48,342,49,114,115,32,33,5068],"class_list":{"0":"post-12314","1":"post","2":"type-post","3":"status-publish","4":"format-standard","5":"has-post-thumbnail","7":"category-entretenimento","8":"tag-afonso-leitao","9":"tag-big-brother","10":"tag-catarina-miranda","11":"tag-destaques","12":"tag-entertainment","13":"tag-entretenimento","14":"tag-portugal","15":"tag-pt","16":"tag-sergio-duarte"},"share_on_mastodon":{"url":"","error":""},"_links":{"self":[{"href":"https:\/\/www.europesays.com\/pt\/wp-json\/wp\/v2\/posts\/12314","targetHints":{"allow":["GET"]}}],"collection":[{"href":"https:\/\/www.europesays.com\/pt\/wp-json\/wp\/v2\/posts"}],"about":[{"href":"https:\/\/www.europesays.com\/pt\/wp-json\/wp\/v2\/types\/post"}],"author":[{"embeddable":true,"href":"https:\/\/www.europesays.com\/pt\/wp-json\/wp\/v2\/users\/2"}],"replies":[{"embeddable":true,"href":"https:\/\/www.europesays.com\/pt\/wp-json\/wp\/v2\/comments?post=12314"}],"version-history":[{"count":0,"href":"https:\/\/www.europesays.com\/pt\/wp-json\/wp\/v2\/posts\/12314\/revisions"}],"wp:featuredmedia":[{"embeddable":true,"href":"https:\/\/www.europesays.com\/pt\/wp-json\/wp\/v2\/media\/12315"}],"wp:attachment":[{"href":"https:\/\/www.europesays.com\/pt\/wp-json\/wp\/v2\/media?parent=12314"}],"wp:term":[{"taxonomy":"category","embeddable":true,"href":"https:\/\/www.europesays.com\/pt\/wp-json\/wp\/v2\/categories?post=12314"},{"taxonomy":"post_tag","embeddable":true,"href":"https:\/\/www.europesays.com\/pt\/wp-json\/wp\/v2\/tags?post=12314"}],"curies":[{"name":"wp","href":"https:\/\/api.w.org\/{rel}","templated":true}]}}