{"id":123146,"date":"2025-10-23T13:54:13","date_gmt":"2025-10-23T13:54:13","guid":{"rendered":"https:\/\/www.europesays.com\/pt\/123146\/"},"modified":"2025-10-23T13:54:13","modified_gmt":"2025-10-23T13:54:13","slug":"foto-o-gesto-de-homenagem-do-eintracht-frankfurt-a-lembrar-diogo-jota","status":"publish","type":"post","link":"https:\/\/www.europesays.com\/pt\/123146\/","title":{"rendered":"FOTO: o gesto de homenagem do Eintracht Frankfurt a lembrar Diogo Jota"},"content":{"rendered":"<p>O nome do antigo futebolista portugu\u00eas Diogo Jota foi colocado pelo Eintracht Frankfurt, de forma simb\u00f3lica, junto aos dos restantes suplentes do Liverpool, no ecr\u00e3 gigante do Deutsche Bank Park, instantes antes do jogo da terceira jornada da fase de liga da Liga dos Campe\u00f5es.<\/p>\n<p>O treinador do Liverpool, Arne Slot, tinha dez suplentes para o encontro e foi adicionado o nome de Diogo Jota, abaixo dessa dezena de nomes, que estavam a branco e o de Jota surgiu em turquesa.<\/p>\n<p>O Liverpool venceu em Frankfurt por 5-1, pondo fim a quatro derrotas seguidas em jogos oficiais.<\/p>\n<p>Diogo Jota, que era atleta do Liverpool e continua a ser homenageado pelo Liverpool de v\u00e1rias formas, faleceu a 3 de julho, tal como o seu irm\u00e3o, Andr\u00e9 Silva, ap\u00f3s um acidente de carro, em Espanha.<\/p>\n","protected":false},"excerpt":{"rendered":"O nome do antigo futebolista portugu\u00eas Diogo Jota foi colocado pelo Eintracht Frankfurt, de forma simb\u00f3lica, junto aos&hellip;\n","protected":false},"author":2,"featured_media":123147,"comment_status":"","ping_status":"","sticky":false,"template":"","format":"standard","meta":{"footnotes":""},"categories":[87],"tags":[5043,135,1691,15144,7706,960,46,32,33,47,134],"class_list":{"0":"post-123146","1":"post","2":"type-post","3":"status-publish","4":"format-standard","5":"has-post-thumbnail","7":"category-desporto","8":"tag-champions","9":"tag-desporto","10":"tag-diogo-jota","11":"tag-eintracht-frankfurt","12":"tag-liga-campeoes","13":"tag-liverpool","14":"tag-maisfutebol","15":"tag-portugal","16":"tag-pt","17":"tag-pura-paixao","18":"tag-sports"},"share_on_mastodon":{"url":"https:\/\/pubeurope.com\/@pt\/115423823537635307","error":""},"_links":{"self":[{"href":"https:\/\/www.europesays.com\/pt\/wp-json\/wp\/v2\/posts\/123146","targetHints":{"allow":["GET"]}}],"collection":[{"href":"https:\/\/www.europesays.com\/pt\/wp-json\/wp\/v2\/posts"}],"about":[{"href":"https:\/\/www.europesays.com\/pt\/wp-json\/wp\/v2\/types\/post"}],"author":[{"embeddable":true,"href":"https:\/\/www.europesays.com\/pt\/wp-json\/wp\/v2\/users\/2"}],"replies":[{"embeddable":true,"href":"https:\/\/www.europesays.com\/pt\/wp-json\/wp\/v2\/comments?post=123146"}],"version-history":[{"count":0,"href":"https:\/\/www.europesays.com\/pt\/wp-json\/wp\/v2\/posts\/123146\/revisions"}],"wp:featuredmedia":[{"embeddable":true,"href":"https:\/\/www.europesays.com\/pt\/wp-json\/wp\/v2\/media\/123147"}],"wp:attachment":[{"href":"https:\/\/www.europesays.com\/pt\/wp-json\/wp\/v2\/media?parent=123146"}],"wp:term":[{"taxonomy":"category","embeddable":true,"href":"https:\/\/www.europesays.com\/pt\/wp-json\/wp\/v2\/categories?post=123146"},{"taxonomy":"post_tag","embeddable":true,"href":"https:\/\/www.europesays.com\/pt\/wp-json\/wp\/v2\/tags?post=123146"}],"curies":[{"name":"wp","href":"https:\/\/api.w.org\/{rel}","templated":true}]}}