{"id":123160,"date":"2025-10-23T14:08:09","date_gmt":"2025-10-23T14:08:09","guid":{"rendered":"https:\/\/www.europesays.com\/pt\/123160\/"},"modified":"2025-10-23T14:08:09","modified_gmt":"2025-10-23T14:08:09","slug":"liga-europa-os-onzes-provaveis-para-o-nottingham-fc-porto","status":"publish","type":"post","link":"https:\/\/www.europesays.com\/pt\/123160\/","title":{"rendered":"Liga Europa: os onzes prov\u00e1veis para o Nottingham-FC Porto"},"content":{"rendered":"<p>O FC Porto volta a entrar em campo, esta quinta-feira, na terceira jornada da fase de liga da Liga Europa, com a desloca\u00e7\u00e3o ao reduto do Nottingham Forest, e Farioli deve recorrer ao onze que alinhou de in\u00edcio diante do Benfica.<\/p>\n<p><a href=\"https:\/\/maisfutebol.iol.pt\/fotogaleria\/68f9f078d34e58bc6797362e\/os-onzes-provaveis-para-o-nottingham-fc-porto\" target=\"_blank\" rel=\"nofollow noopener\">CONFIRA AQUI A GALERIA ASSOCIADA AO ARTIGO.<\/a><\/p>\n<p>Alberto Costa e Francisco Moura estar\u00e3o nas laterais da forma\u00e7\u00e3o azul e branca, que ter\u00e1 no meio-campo os trio composto por Alan Varela, Victor Froholdt e Gabri Veiga. Recorde-se que o t\u00e9cnico italiano n\u00e3o rodou praticamente a equipa frente ao Celoricense e, por isso, a \u00fanica altera\u00e7\u00e3o dever\u00e1 passar pela sa\u00edda de Deniz G\u00fcl das escolhas iniciais e a consequente entrada de Samu.<\/p>\n<p>Do outro lado, o Nottingham Forest pode apresentar bastantes surpresas, tendo em conta que o novo treinador, Sean Dyche, costuma atuar com uma linha de quatro jogadores na defesa, ao contr\u00e1rio do que acontecia com Postecoglu. Assim sendo, a grande novidade no onze ingl\u00eas poder\u00e1 passar pela titularidade de Chris Wood na frente de ataque e uma dupla de centrais composta por Milenkovic e Murillo.<\/p>\n<p><strong>Os onzes prov\u00e1veis de ambas as equipas:<\/strong><\/p>\n<p>Nottingham Forest: Matz Sels, Neco Williams, Milenkovic, Murillo, Zinchenko, Sangar\u00e9, Douglas Luiz, Elliot Anderson, Gibbs-White, Hudson-Odoi e Chris Wood.<\/p>\n<p>FC Porto:\u00a0Diogo Costa, Alberto Costa, Kiwior, Bednarek, Moura, Alan Varela, Froholdt, Gabri Veiga, Pep\u00ea, Borja Sainz e Samu.<\/p>\n","protected":false},"excerpt":{"rendered":"O FC Porto volta a entrar em campo, esta quinta-feira, na terceira jornada da fase de liga da&hellip;\n","protected":false},"author":2,"featured_media":123161,"comment_status":"","ping_status":"","sticky":false,"template":"","format":"standard","meta":{"footnotes":""},"categories":[87],"tags":[135,282,137,46,1527,9171,7689,32,33,47,134],"class_list":{"0":"post-123160","1":"post","2":"type-post","3":"status-publish","4":"format-standard","5":"has-post-thumbnail","7":"category-desporto","8":"tag-desporto","9":"tag-fc-porto","10":"tag-liga-europa","11":"tag-maisfutebol","12":"tag-nottingham-forest","13":"tag-onzes","14":"tag-onzes-provaveis","15":"tag-portugal","16":"tag-pt","17":"tag-pura-paixao","18":"tag-sports"},"share_on_mastodon":{"url":"https:\/\/pubeurope.com\/@pt\/115423877874844497","error":""},"_links":{"self":[{"href":"https:\/\/www.europesays.com\/pt\/wp-json\/wp\/v2\/posts\/123160","targetHints":{"allow":["GET"]}}],"collection":[{"href":"https:\/\/www.europesays.com\/pt\/wp-json\/wp\/v2\/posts"}],"about":[{"href":"https:\/\/www.europesays.com\/pt\/wp-json\/wp\/v2\/types\/post"}],"author":[{"embeddable":true,"href":"https:\/\/www.europesays.com\/pt\/wp-json\/wp\/v2\/users\/2"}],"replies":[{"embeddable":true,"href":"https:\/\/www.europesays.com\/pt\/wp-json\/wp\/v2\/comments?post=123160"}],"version-history":[{"count":0,"href":"https:\/\/www.europesays.com\/pt\/wp-json\/wp\/v2\/posts\/123160\/revisions"}],"wp:featuredmedia":[{"embeddable":true,"href":"https:\/\/www.europesays.com\/pt\/wp-json\/wp\/v2\/media\/123161"}],"wp:attachment":[{"href":"https:\/\/www.europesays.com\/pt\/wp-json\/wp\/v2\/media?parent=123160"}],"wp:term":[{"taxonomy":"category","embeddable":true,"href":"https:\/\/www.europesays.com\/pt\/wp-json\/wp\/v2\/categories?post=123160"},{"taxonomy":"post_tag","embeddable":true,"href":"https:\/\/www.europesays.com\/pt\/wp-json\/wp\/v2\/tags?post=123160"}],"curies":[{"name":"wp","href":"https:\/\/api.w.org\/{rel}","templated":true}]}}