{"id":123176,"date":"2025-10-23T14:22:10","date_gmt":"2025-10-23T14:22:10","guid":{"rendered":"https:\/\/www.europesays.com\/pt\/123176\/"},"modified":"2025-10-23T14:22:10","modified_gmt":"2025-10-23T14:22:10","slug":"o-tatuador-azul-de-nottingham-que-respira-f-c-porto-por-todos-os-poros","status":"publish","type":"post","link":"https:\/\/www.europesays.com\/pt\/123176\/","title":{"rendered":"O tatuador azul de Nottingham que respira F.C. Porto por todos os poros"},"content":{"rendered":"<p data-remotead-prev-elm=\"true\" data-remotead-elm-id=\"inread\">Tiago Silva, de 48 anos, n\u00e3o resiste \u00e0 visita do F. C. Porto a Nottingham por v\u00e1rias raz\u00f5es. \u00c9 um apaixonado pelo clube, nascido e criado no bairro da Pasteleira, super drag\u00e3o muitas vezes, j\u00e1 com lugar assegurado nas bancadas do City Ground. Far\u00e1 a curta viagem de Derby a Nottingham, pela m\u00edtica estrada A52, batizada de Brian Clough Way, em honra dos t\u00edtulos ingleses que o carism\u00e1tico t\u00e9cnico deu aos dois rivais.<\/p>\n","protected":false},"excerpt":{"rendered":"Tiago Silva, de 48 anos, n\u00e3o resiste \u00e0 visita do F. C. Porto a Nottingham por v\u00e1rias raz\u00f5es.&hellip;\n","protected":false},"author":2,"featured_media":123177,"comment_status":"","ping_status":"","sticky":false,"template":"","format":"standard","meta":{"footnotes":""},"categories":[87],"tags":[135,20558,137,1527,32,33,134],"class_list":{"0":"post-123176","1":"post","2":"type-post","3":"status-publish","4":"format-standard","5":"has-post-thumbnail","7":"category-desporto","8":"tag-desporto","9":"tag-f-c-porto","10":"tag-liga-europa","11":"tag-nottingham-forest","12":"tag-portugal","13":"tag-pt","14":"tag-sports"},"share_on_mastodon":{"url":"https:\/\/pubeurope.com\/@pt\/115423933118827756","error":""},"_links":{"self":[{"href":"https:\/\/www.europesays.com\/pt\/wp-json\/wp\/v2\/posts\/123176","targetHints":{"allow":["GET"]}}],"collection":[{"href":"https:\/\/www.europesays.com\/pt\/wp-json\/wp\/v2\/posts"}],"about":[{"href":"https:\/\/www.europesays.com\/pt\/wp-json\/wp\/v2\/types\/post"}],"author":[{"embeddable":true,"href":"https:\/\/www.europesays.com\/pt\/wp-json\/wp\/v2\/users\/2"}],"replies":[{"embeddable":true,"href":"https:\/\/www.europesays.com\/pt\/wp-json\/wp\/v2\/comments?post=123176"}],"version-history":[{"count":0,"href":"https:\/\/www.europesays.com\/pt\/wp-json\/wp\/v2\/posts\/123176\/revisions"}],"wp:featuredmedia":[{"embeddable":true,"href":"https:\/\/www.europesays.com\/pt\/wp-json\/wp\/v2\/media\/123177"}],"wp:attachment":[{"href":"https:\/\/www.europesays.com\/pt\/wp-json\/wp\/v2\/media?parent=123176"}],"wp:term":[{"taxonomy":"category","embeddable":true,"href":"https:\/\/www.europesays.com\/pt\/wp-json\/wp\/v2\/categories?post=123176"},{"taxonomy":"post_tag","embeddable":true,"href":"https:\/\/www.europesays.com\/pt\/wp-json\/wp\/v2\/tags?post=123176"}],"curies":[{"name":"wp","href":"https:\/\/api.w.org\/{rel}","templated":true}]}}