{"id":123182,"date":"2025-10-23T14:27:53","date_gmt":"2025-10-23T14:27:53","guid":{"rendered":"https:\/\/www.europesays.com\/pt\/123182\/"},"modified":"2025-10-23T14:27:53","modified_gmt":"2025-10-23T14:27:53","slug":"melania-esta-genuinamente-interessada-em-levar-as-criancas-ucranianas-para-casa-mas-putin-nao-esta","status":"publish","type":"post","link":"https:\/\/www.europesays.com\/pt\/123182\/","title":{"rendered":"Melania &#8220;est\u00e1 genuinamente interessada em levar as crian\u00e7as ucranianas para casa&#8221;. Mas Putin n\u00e3o est\u00e1"},"content":{"rendered":"<p>\t                Defensores sa\u00fadam trabalho de Melania Trump para devolver as crian\u00e7as ucranianas, mas preocupam-se com o facto de poderem estar a fazer o jogo de Putin<\/p>\n<p>Ao mesmo tempo que elogiava o trabalho da primeira-dama Melania Trump para devolver as crian\u00e7as ucranianas cativas da R\u00fassia, o Presidente Donald Trump parecia, na semana passada, minimizar as estimativas do n\u00famero de crian\u00e7as alegadamente raptadas desde o in\u00edcio da guerra.<\/p>\n<p>Sentado do outro lado da mesa na Sala do Gabinete da Casa Branca, o Presidente ucraniano Volodymyr Zelensky n\u00e3o tentou corrigir o seu hom\u00f3logo, nem respondeu \u00e0 pergunta de um rep\u00f3rter sobre se apreciava os esfor\u00e7os da primeira-dama americana. Em vez disso, virou-se, inclinou a cabe\u00e7a e acenou silenciosamente com a cabe\u00e7a.<\/p>\n<p>O momento sublinhou a profunda sensibilidade em torno de uma quest\u00e3o complexa que a primeira-dama tem procurado resolver atrav\u00e9s da comunica\u00e7\u00e3o direta com o Presidente russo Vladimir Putin. Para Melania Trump, que fez do bem-estar e da seguran\u00e7a das crian\u00e7as uma prioridade, a defesa desta quest\u00e3o parecia ser um ajuste natural e uma oportunidade de usar a sua enorme plataforma global para fazer a diferen\u00e7a.<\/p>\n<p>Mas na semana seguinte ao an\u00fancio do regresso de oito crian\u00e7as ucranianas \u00e0s suas fam\u00edlias, alguns defensores que elogiaram o regresso das crian\u00e7as tamb\u00e9m manifestaram a sua preocupa\u00e7\u00e3o em conversas com a CNN sobre a forma como a primeira-dama se envolveu &#8211; e especialmente a sua carateriza\u00e7\u00e3o passiva da forma como as crian\u00e7as foram parar \u00e0 R\u00fassia, temendo que isso acabe por favorecer Putin.<\/p>\n<p>Em declara\u00e7\u00f5es a partir da Casa Branca no in\u00edcio deste m\u00eas, a primeira-dama descreveu \u201ccrian\u00e7as ucranianas residentes na R\u00fassia\u201d e disse que tinham sido \u201cdeslocadas para a Federa\u00e7\u00e3o Russa devido aos combates na linha da frente\u201d &#8211; mas n\u00e3o falou sobre o crime de guerra que muitos defensores v\u00eaem no alegado rapto de dezenas de milhares de crian\u00e7as ucranianas por parte de Moscovo.<\/p>\n<p>&#8220;Todos est\u00e3o a agir com muito cuidado, mas todos est\u00e3o cientes do que o gabinete da primeira-dama precisa de ouvir: Obrigado &#8211; mas s\u00e3o 35.000 crian\u00e7as, n\u00e3o sete ou oito&#8221;, afirmou Nathaniel Raymond, diretor executivo do Laborat\u00f3rio de Investiga\u00e7\u00e3o Humanit\u00e1ria de Yale, cujo Observat\u00f3rio de Conflitos na Ucr\u00e2nia est\u00e1 a funcionar com base em doa\u00e7\u00f5es privadas at\u00e9 ao final do ano, depois da administra\u00e7\u00e3o Trump ter cortado o seu financiamento.<\/p>\n<p>&#8220;S\u00e3o crian\u00e7as que foram levadas como um crime de guerra e crian\u00e7as que est\u00e3o a ser militarizadas e foram raptadas por um Estado &#8211; n\u00e3o perdidas na guerra. A linguagem \u00e9 importante&#8221;, declarou Raymond.<\/p>\n<p>Um relat\u00f3rio de setembro do laborat\u00f3rio de Yale concluiu que as crian\u00e7as foram levadas para pelo menos 210 locais, incluindo bases militares, orfanatos e campos, onde foram reeducadas de acordo com as narrativas pr\u00f3-russas e, em alguns casos, treinadas para o combate. A identidade de muitos deles foi alterada, o que torna cada vez mais dif\u00edcil seguir-lhes o rasto ao longo do tempo.<\/p>\n<p>A linguagem da primeira-dama ignora a realidade da situa\u00e7\u00e3o &#8211; e pode jogar a favor de Putin, explicaram \u00e0 CNN alguns defensores das crian\u00e7as.<\/p>\n<p>Bill Taylor, ex-embaixador dos EUA na Ucr\u00e2nia, aplaudiu o envolvimento pessoal de Melania Trump, mas tamb\u00e9m observou que Putin provavelmente tem segundas inten\u00e7\u00f5es.<\/p>\n<p>&#8220;Cada crian\u00e7a devolvida \u00e9 maravilhosa para aquela fam\u00edlia e para aquela crian\u00e7a, o que \u00e9 bom. Mas h\u00e1 mais de 19.000, e penso que Putin est\u00e1 a usar isto cinicamente numa tentativa de tornar os Trump mais simp\u00e1ticos para com ele&#8221;, afirmou Taylor \u00e0 CNN.<\/p>\n<p>As estimativas do n\u00famero de crian\u00e7as alegadamente raptadas variam, dependendo da fonte e de quem est\u00e1 a contar.<\/p>\n<p>Donald Trump, um dia depois de uma conversa telef\u00f3nica de duas horas com o l\u00edder russo na semana passada, ofereceu a sua pr\u00f3pria opini\u00e3o sobre o n\u00famero. \u201cH\u00e1 quem diga que s\u00e3o 20.000 e h\u00e1 quem diga que s\u00e3o 300\u201d, afirmou durante o seu encontro de sexta-feira com Zelensky na Casa Branca. \u201cPortanto, ningu\u00e9m sabe ao certo, mas ela tinha uma grande preocupa\u00e7\u00e3o com as crian\u00e7as.\u201d<\/p>\n<p>Taylor n\u00e3o duvida da compaix\u00e3o de Melania Trump pelas crian\u00e7as ucranianas &#8211; mas questiona a do l\u00edder russo.<\/p>\n<p>&#8220;Penso que a primeira-dama est\u00e1 genuinamente interessada em levar as crian\u00e7as ucranianas para casa. Mas o facto \u00e9 que Putin n\u00e3o est\u00e1. Ele poderia devolver todas essas crian\u00e7as e acabar com a guerra amanh\u00e3, se quisesse&#8221;, declarou Taylor.<\/p>\n<p>Os esfor\u00e7os de Melania Trump surgiram no meio de uma press\u00e3o crescente dos ucranianos, de um grupo bipartid\u00e1rio de legisladores norte-americanos e de evang\u00e9licos para que a administra\u00e7\u00e3o Trump se envolvesse no regresso das crian\u00e7as ucranianas.<\/p>\n<p>A primeira-dama ucraniana Olena Zelenska, por exemplo, viajou para Nova Iorque no m\u00eas passado com a miss\u00e3o urgente de sensibilizar a comunidade internacional. Falando \u00e0 margem da Assembleia Geral das Na\u00e7\u00f5es Unidas, avisou que, ao ritmo atual, seriam necess\u00e1rios 50 anos para devolver as crian\u00e7as ucranianas.<\/p>\n<p>A primeira-dama americana, que emprega uma equipa reduzida, manteve a not\u00edcia da liberta\u00e7\u00e3o das oito crian\u00e7as num c\u00edrculo extremamente restrito de colaboradores antes de a revelar publicamente, de acordo com uma fonte familiarizada com o assunto.<\/p>\n<p>Alguns ucranianos a n\u00edvel profissional que se t\u00eam dedicado a esta quest\u00e3o foram apanhados de surpresa pelo envolvimento da primeira-dama. Congratularam-se com os seus esfor\u00e7os, mas recearam que Putin estivesse a trabalhar com ela apenas como parte de um esfor\u00e7o para minimizar a enormidade do problema, segundo duas fontes disseram \u00e0 CNN.<\/p>\n<p>Um funcion\u00e1rio ucraniano rejeitou essas preocupa\u00e7\u00f5es e disse que Volodymyr Zelensky estava grato pela interven\u00e7\u00e3o da primeira-dama dos EUA.<\/p>\n<p>No seu an\u00fancio inicial, Trump disse que ela e Putin \u201ctiveram um canal aberto de comunica\u00e7\u00e3o sobre o bem-estar dessas crian\u00e7as nos \u00faltimos tr\u00eas meses\u201d. Apontou para reuni\u00f5es e telefonemas de bastidores na sequ\u00eancia de uma carta que escreveu ao l\u00edder russo, entregue em m\u00e3o pelo marido no Alasca em agosto, que referia obliquamente a \u201cescurid\u00e3o\u201d em torno das crian\u00e7as afetadas pela guerra.<\/p>\n<p>No Capit\u00f3lio, um grupo de republicanos e democratas do Senado tem estado a insistir numa resolu\u00e7\u00e3o que fa\u00e7a do regresso das crian\u00e7as raptadas um pr\u00e9-requisito para qualquer acordo de paz negociado para p\u00f4r fim \u00e0 guerra. Mas, apesar do an\u00fancio da primeira-dama, a Casa Branca ainda n\u00e3o se pronunciou sobre a legisla\u00e7\u00e3o.<\/p>\n<p>Embora um assessor republicano do Congresso tenha dito que h\u00e1 algum ceticismo em rela\u00e7\u00e3o ao envolvimento de Melania Trump, por enquanto, n\u00e3o h\u00e1 apetite no Capit\u00f3lio para pressionar a Casa Branca sobre o assunto.<\/p>\n<p>\u201cSe houver necessidade de conversas com a Casa Branca sobre isso, haver\u00e1, mas n\u00e3o tenho nenhuma indica\u00e7\u00e3o de que Melania acredita no que Putin diz\u201d, afirmou o assessor, acrescentando que h\u00e1 algumas preocupa\u00e7\u00f5es sobre Putin usar uma linha direta com a primeira-dama para mudar a narrativa sobre as crian\u00e7as supostamente sequestradas.<\/p>\n<p>Grupos evang\u00e9licos que pressionaram a Casa Branca e o gabinete da primeira-dama sobre o assunto elogiaram a recetividade de Trump e argumentaram que o retorno de oito crian\u00e7as foi um importante ponto de viragem.<\/p>\n<p>E Chelsea Sobolik, diretora de rela\u00e7\u00f5es governamentais da World Relief, uma organiza\u00e7\u00e3o humanit\u00e1ria evang\u00e9lica, observou que o esfor\u00e7o tamb\u00e9m marcou um reconhecimento cr\u00edtico da R\u00fassia.<\/p>\n<p>&#8220;At\u00e9 h\u00e1 pouco tempo, a R\u00fassia negava esta quest\u00e3o &#8211; ou apresentava todas estas falsas narrativas. Por isso, penso que o facto de isto estar a fazer ondas nos n\u00edveis mais altos do nosso governo dos EUA significa que h\u00e1 movimento. Vejo isto como um primeiro passo, n\u00e3o como um \u00faltimo passo. H\u00e1 muito mais trabalho que precisa de ser feito&#8221;, afirmou Sobolik.<\/p>\n<p>Sobolik assinou uma carta de um grupo de l\u00edderes evang\u00e9licos agradecendo a Trump &#8211; mas tamb\u00e9m encorajando-a a manter o p\u00e9 no acelerador.<br \/>\u201cContinuamos a exortar a Administra\u00e7\u00e3o Trump a garantir que esta continua a ser uma quest\u00e3o central e que todas as 35.000 crian\u00e7as estimadas sejam devolvidas como condi\u00e7\u00e3o pr\u00e9via para quaisquer negocia\u00e7\u00f5es de paz\u201d, <a href=\"https:\/\/nam11.safelinks.protection.outlook.com\/?url=https%3A%2F%2Fworldrelief.org%2Fcontent%2Fuploads%2F2025%2F10%2FLetter-re_-FLOTUS-Announcement-on-Ukrainian-Children-October-2025.pdf&amp;data=05%7C02%7CSimone.Pathe%40cnn.com%7Cbdd862b27ddd406f429108de0d946da4%7C0eb48825e8714459bc72d0ecd68f1f39%7C0%7C0%7C638963128299915001%7CUnknown%7CTWFpbGZsb3d8eyJFbXB0eU1hcGkiOnRydWUsIlYiOiIwLjAuMDAwMCIsIlAiOiJXaW4zMiIsIkFOIjoiTWFpbCIsIldUIjoyfQ%3D%3D%7C0%7C%7C%7C&amp;sdata=tvcoOlUsIDF81eWAVBr3M5JADgDv3G23SnB%2BlRI0tzM%3D&amp;reserved=0\" target=\"_blank\" rel=\"nofollow noopener\">escreveram.<\/a><\/p>\n","protected":false},"excerpt":{"rendered":"Defensores sa\u00fadam trabalho de Melania Trump para devolver as crian\u00e7as ucranianas, mas preocupam-se com o facto de poderem&hellip;\n","protected":false},"author":2,"featured_media":123183,"comment_status":"","ping_status":"","sticky":false,"template":"","format":"standard","meta":{"footnotes":""},"categories":[50],"tags":[609,836,611,27,28,607,608,333,832,604,135,610,476,413,15,16,301,830,14,603,25,26,570,21,22,831,833,10136,62,834,12,13,19,20,835,602,52,32,23,24,839,17,18,840,29,30,31,2415,63,64,65],"class_list":{"0":"post-123182","1":"post","2":"type-post","3":"status-publish","4":"format-standard","5":"has-post-thumbnail","7":"category-mundo","8":"tag-alerta","9":"tag-analise","10":"tag-ao-minuto","11":"tag-breaking-news","12":"tag-breakingnews","13":"tag-cnn","14":"tag-cnn-portugal","15":"tag-comentadores","16":"tag-costa","17":"tag-crime","18":"tag-desporto","19":"tag-direto","20":"tag-economia","21":"tag-eua","22":"tag-featured-news","23":"tag-featurednews","24":"tag-governo","25":"tag-guerra","26":"tag-headlines","27":"tag-justica","28":"tag-latest-news","29":"tag-latestnews","30":"tag-live","31":"tag-main-news","32":"tag-mainnews","33":"tag-mais-vistas","34":"tag-marcelo","35":"tag-melania-trump","36":"tag-mundo","37":"tag-negocios","38":"tag-news","39":"tag-noticias","40":"tag-noticias-principais","41":"tag-noticiasprincipais","42":"tag-opiniao","43":"tag-pais","44":"tag-politica","45":"tag-portugal","46":"tag-principais-noticias","47":"tag-principaisnoticias","48":"tag-russia","49":"tag-top-stories","50":"tag-topstories","51":"tag-ucrania","52":"tag-ultimas","53":"tag-ultimas-noticias","54":"tag-ultimasnoticias","55":"tag-vladimir-putin","56":"tag-world","57":"tag-world-news","58":"tag-worldnews"},"share_on_mastodon":{"url":"","error":"Validation failed: Text character limit of 500 exceeded"},"_links":{"self":[{"href":"https:\/\/www.europesays.com\/pt\/wp-json\/wp\/v2\/posts\/123182","targetHints":{"allow":["GET"]}}],"collection":[{"href":"https:\/\/www.europesays.com\/pt\/wp-json\/wp\/v2\/posts"}],"about":[{"href":"https:\/\/www.europesays.com\/pt\/wp-json\/wp\/v2\/types\/post"}],"author":[{"embeddable":true,"href":"https:\/\/www.europesays.com\/pt\/wp-json\/wp\/v2\/users\/2"}],"replies":[{"embeddable":true,"href":"https:\/\/www.europesays.com\/pt\/wp-json\/wp\/v2\/comments?post=123182"}],"version-history":[{"count":0,"href":"https:\/\/www.europesays.com\/pt\/wp-json\/wp\/v2\/posts\/123182\/revisions"}],"wp:featuredmedia":[{"embeddable":true,"href":"https:\/\/www.europesays.com\/pt\/wp-json\/wp\/v2\/media\/123183"}],"wp:attachment":[{"href":"https:\/\/www.europesays.com\/pt\/wp-json\/wp\/v2\/media?parent=123182"}],"wp:term":[{"taxonomy":"category","embeddable":true,"href":"https:\/\/www.europesays.com\/pt\/wp-json\/wp\/v2\/categories?post=123182"},{"taxonomy":"post_tag","embeddable":true,"href":"https:\/\/www.europesays.com\/pt\/wp-json\/wp\/v2\/tags?post=123182"}],"curies":[{"name":"wp","href":"https:\/\/api.w.org\/{rel}","templated":true}]}}