{"id":123190,"date":"2025-10-23T14:32:11","date_gmt":"2025-10-23T14:32:11","guid":{"rendered":"https:\/\/www.europesays.com\/pt\/123190\/"},"modified":"2025-10-23T14:32:11","modified_gmt":"2025-10-23T14:32:11","slug":"desfile-literario-2025-ler-entre-livros-e-algoritmos-2","status":"publish","type":"post","link":"https:\/\/www.europesays.com\/pt\/123190\/","title":{"rendered":"Desfile Liter\u00e1rio 2025 &#8211; Ler entre Livros e Algoritmos"},"content":{"rendered":"<p>&#13;<br \/>\n                &#13;<\/p>\n<p>&#13;<br \/>\n\t\t\t\t27&#13;<br \/>\n\t\t\t\t&#13;<br \/>\n\t\t\t\t\tOutubro&#13;<br \/>\n\t\t\t\t\tSegunda-feira&#13;<br \/>\n\t\t\t\t&#13;\n\t\t\t<\/p>\n<p>\t\t\t\tDesfile Liter\u00e1rio 2025 &#8211; Ler entre Livros e Algoritmos<\/p>\n<p>&#13;<br \/>\n                                    De 27 de Outubro 2025, 18:00 a 27 de Outubro 2025, 20:00                            <\/p>\n<p>&#13;<\/p>\n<p><img decoding=\"async\" alt=\"\" src=\"https:\/\/www.europesays.com\/pt\/wp-content\/uploads\/2025\/10\/desfile-literario-2025-banner_2025.jpg\" style=\"height:440px; width:1000px\"\/><\/p>\n<p>&#13;<br \/>\n&#13;<\/p>\n<p>O Desfile Liter\u00e1rio est\u00e1 de volta ao Parque de Feiras e Exposi\u00e7\u00f5es de Estremoz, no dia 27 de outubro, pelas 18:00 horas, com o tema &#8220;Ler entre Livros e Algoritmos&#8221;, numa parceria entre a Biblioteca Municipal e as Bibliotecas Escolares do concelho de Estremoz, para comemorar o m\u00eas das Bibliotecas Escolares.<\/p>\n<p>&#13;<br \/>\n&#13;<\/p>\n<p>Para promover os livros e a leitura, cada leitor, com o seu contributo e imagina\u00e7\u00e3o, d\u00e1 palco e &#8220;voz&#8221; \u00e0s hist\u00f3rias e a tudo aquilo que elas permitem fazer.<\/p>\n<p>&#13;<br \/>\n&#13;<\/p>\n<p>A leitura finalmente ganhou o seu t\u00e3o merecido lugar na comunidade.<\/p>\n<p>&#13;<br \/>\n&#13;<\/p>\n<p>Venha fazer parte deste momento, em que alunos, professores e restante comunidade escolar, se juntam para criar mem\u00f3rias liter\u00e1rias.<\/p>\n<p>&#13;<br \/>\n&#13;<\/p>\n<p>\u00a0<\/p>\n<p>&#13;<br \/>\n&#13;<\/p>\n<p>N\u00e3o perca!<\/p>\n<p>&#13;<br \/>\n&#13;<\/p>\n<p>\u00a0<\/p>\n<p>&#13;<br \/>\n&#13;<\/p>\n<p>#VIVEstremoz<\/p>\n<p>&#13;<br \/>\n&#13;<\/p>\n<p>#Estremoz<\/p>\n<p>&#13;<br \/>\n        &#13;<\/p>\n<p>        Cartaz<br \/>\n            <img decoding=\"async\" class=\"img-responsive\" src=\"https:\/\/www.europesays.com\/pt\/wp-content\/uploads\/2025\/10\/cartaz-desfile-literario-2025-site_2025.jpg\" alt=\"Desfile Liter\u00e1rio 2025 - Ler entre Livros e Algoritmos\" style=\"max-width:100%\"\/>        <\/p>\n<p>            Detalhes<\/p>\n<p>&#13;<br \/>\n                    Data In\u00edcio:&#13;<br \/>\n                    27 Out 2025&#13;\n                <\/p>\n<p>&#13;<br \/>\n                    Data Fim:&#13;<br \/>\n                    27 Out 2025&#13;\n                <\/p>\n<p>&#13;<br \/>\n                    Categoria:&#13;<br \/>\n                    Narra\u00e7\u00e3o oral&#13;\n                <\/p>\n<p>&#13;<br \/>\n                    Organiza\u00e7\u00e3o:&#13;<br \/>\n                    CME&#13;\n                <\/p>\n<p>&#13;<br \/>\n                    Telefone:&#13;<br \/>\n                    268339200&#13;\n                <\/p>\n<p>&#13;<br \/>\n                    Email:&#13;<br \/>\n                    parque.feiras@cm-estremoz.pt&#13;\n                <\/p>\n<p>&#13;<br \/>\n                    GPS Lat:&#13;<br \/>\n                    8.84352&#13;\n                <\/p>\n<p>&#13;<br \/>\n                    GPS Lon:&#13;<br \/>\n                    7.57582&#13;\n                <\/p>\n<p>            <a href=\"https:\/\/calendar.google.com\/calendar\/r\/eventedit?text=Desfile Liter\u00e1rio 2025 - Ler entre Livros e Algoritmos&amp;dates=20251027T180000\/20251027T200000&amp;details=&amp;location=Parque de Feiras e Exposi\u00e7\u00f5es de Estremoz, Rua Engenheiro Andr\u00e9 de Brito Tavares, Estremoz ,Portugal\" target=\"_blank\" class=\"btn btn_accao btn_calendario\" rel=\"nofollow noopener\">&#13;<br \/>\n                Adicionar ao Calend\u00e1rio&#13;<br \/>\n            <\/a><\/p>\n<p>&#13;<\/p>\n","protected":false},"excerpt":{"rendered":"&#13; &#13; &#13; 27&#13; &#13; Outubro&#13; Segunda-feira&#13; &#13; Desfile Liter\u00e1rio 2025 &#8211; Ler entre Livros e Algoritmos &#13;&hellip;\n","protected":false},"author":2,"featured_media":123191,"comment_status":"","ping_status":"","sticky":false,"template":"","format":"standard","meta":{"footnotes":""},"categories":[143],"tags":[169,114,115,170,32,33],"class_list":{"0":"post-123190","1":"post","2":"type-post","3":"status-publish","4":"format-standard","5":"has-post-thumbnail","7":"category-livros","8":"tag-books","9":"tag-entertainment","10":"tag-entretenimento","11":"tag-livros","12":"tag-portugal","13":"tag-pt"},"share_on_mastodon":{"url":"https:\/\/pubeurope.com\/@pt\/115423972951491039","error":""},"_links":{"self":[{"href":"https:\/\/www.europesays.com\/pt\/wp-json\/wp\/v2\/posts\/123190","targetHints":{"allow":["GET"]}}],"collection":[{"href":"https:\/\/www.europesays.com\/pt\/wp-json\/wp\/v2\/posts"}],"about":[{"href":"https:\/\/www.europesays.com\/pt\/wp-json\/wp\/v2\/types\/post"}],"author":[{"embeddable":true,"href":"https:\/\/www.europesays.com\/pt\/wp-json\/wp\/v2\/users\/2"}],"replies":[{"embeddable":true,"href":"https:\/\/www.europesays.com\/pt\/wp-json\/wp\/v2\/comments?post=123190"}],"version-history":[{"count":0,"href":"https:\/\/www.europesays.com\/pt\/wp-json\/wp\/v2\/posts\/123190\/revisions"}],"wp:featuredmedia":[{"embeddable":true,"href":"https:\/\/www.europesays.com\/pt\/wp-json\/wp\/v2\/media\/123191"}],"wp:attachment":[{"href":"https:\/\/www.europesays.com\/pt\/wp-json\/wp\/v2\/media?parent=123190"}],"wp:term":[{"taxonomy":"category","embeddable":true,"href":"https:\/\/www.europesays.com\/pt\/wp-json\/wp\/v2\/categories?post=123190"},{"taxonomy":"post_tag","embeddable":true,"href":"https:\/\/www.europesays.com\/pt\/wp-json\/wp\/v2\/tags?post=123190"}],"curies":[{"name":"wp","href":"https:\/\/api.w.org\/{rel}","templated":true}]}}