{"id":123204,"date":"2025-10-23T14:42:12","date_gmt":"2025-10-23T14:42:12","guid":{"rendered":"https:\/\/www.europesays.com\/pt\/123204\/"},"modified":"2025-10-23T14:42:12","modified_gmt":"2025-10-23T14:42:12","slug":"leao-xiv-renova-apelo-de-joao-paulo-ii-para-escancarar-as-portas-a-cristo","status":"publish","type":"post","link":"https:\/\/www.europesays.com\/pt\/123204\/","title":{"rendered":"Le\u00e3o XIV renova apelo de Jo\u00e3o Paulo II para &#8220;escancarar as portas a Cristo&#8221;"},"content":{"rendered":"<p>Era 22 de outubro de 1978. Na primeira homilia como Bispo de Roma, Jo\u00e3o Paulo II exortou ao mundo para \u201cescancarar as portas a Cristo\u201d. O Pont\u00edfice polon\u00eas, celebrado pela Igreja nesta quarta-feira (22\/10), foi recordado por Le\u00e3o XIV durante a Audi\u00eancia Geral. Aos peregrinos de l\u00edngua portuguesa, enalteceu que &#8220;o Senhor Ressuscitado continua a se aproximar de todos, reacendendo a esperan\u00e7a e a alegria&#8221;, de modo especial &#8220;em cada domingo, quando Ele mesmo a n\u00f3s se oferece na Eucaristia&#8221;.<\/p>\n<p>\n   Ou\u00e7a a reportagem com a voz do Papa e compartilhe\n  <\/p>\n<p><b>Andressa Collet &#8211; Vatican News<\/b><\/p>\n<blockquote>\n<p>\u201cHoje celebra-se a mem\u00f3ria lit\u00fargica de S\u00e3o Jo\u00e3o Paulo II. Exatamente h\u00e1 47 anos, nesta Pra\u00e7a, ele exortou o mundo a se abrir a Cristo. Esse apelo continua v\u00e1lido ainda hoje: todos somos chamados a faz\u00ea-lo nosso.\u201d<\/p>\n<\/blockquote>\n<p>Com essas palavras, o Papa Le\u00e3o XIV, ao saudar os fi\u00e9is de l\u00edngua polonesa presentes na Pra\u00e7a S\u00e3o Pedro para a Audi\u00eancia Geral desta quarta-feira (22\/10), recordou a missa de in\u00edcio do pontificado de <a href=\"https:\/\/www.vaticannews.va\/pt\/santo-do-dia\/10\/22\/s--joao-paulo-ii--papa.html\" target=\"_blank\" rel=\"nofollow noopener\">Jo\u00e3o Paulo II<\/a>. Era 22 de outubro de 1978 e, em sua primeira homilia como Bispo de Roma, quando Wojty\u0142a exortou ao mundo para \u201cescancarar as portas a Cristo\u201d, uma express\u00e3o emblem\u00e1tica do seu pontificado, o terceiro mais longo da hist\u00f3ria que durou 27 anos.\u00a0Primeiro Papa polon\u00eas, bateu muitos outros recordes, como o grande n\u00famero de Viagens Apost\u00f3licas. Jo\u00e3o Paulo II aiinda convocou o Grande Jubileu de 2000 e criou as Jornadas Mundiais da Juventude (JMJ).<\/p>\n<p>Em 27 de abril de 2014, quando o Papa Francisco canonizou Jo\u00e3o Paulo II, a ent\u00e3o Congrega\u00e7\u00e3o para o Culto Divino estabeleceu que a mem\u00f3ria lit\u00fargica do Papa polon\u00eas deveria ser celebrada em 22 de outubro, em coincid\u00eancia com o in\u00edcio do seu pontificado em 1978, em vez do dia da sua morte, em 2 de abril.<\/p>\n<p>No final da tarde desta quarta-feira (22\/10), \u00e0s 18h no hor\u00e1rio italiano, ser\u00e1 celebrada uma missa na Bas\u00edlica de S\u00e3o Pedro para homenagear o Papa polon\u00eas, presidida por dom\u00a0Robert J\u00f3zef Chrz\u0105szcz,\u00a0bispo auxiliar de Crac\u00f3via, na Pol\u00f4nia, que esteve por 15 anos em miss\u00e3o no Brasil. A ordena\u00e7\u00e3o episcopal em 2021 foi celebrada no Santu\u00e1rio Jo\u00e3o Paulo II, em Crac\u00f3via, uma influ\u00eancia que come\u00e7ou cedo:\u00a0ao encontrar Jo\u00e3o Paulo II no Vaticano, quando tinha 15 anos de idade, Robert disse que seria padre; e Wojty\u0142a, &#8220;que influenciou milhares de jovens a serem protagonistas da nova evangeliza\u00e7\u00e3o, prometeu que iria rezar por ele e fez um sinal na sua cabe\u00e7a. Foi um momento decisivo&#8221;, contou dom Robert em <a href=\"https:\/\/www.vaticannews.va\/pt\/vaticano\/news\/2020-11\/nomeacao-papa-francisco-vigario-episcopal-vicariato-jacarepagua.html\" target=\"_blank\" rel=\"nofollow noopener\">artigo ao Vatican News<\/a> assinado pelo cardeal Orani Jo\u00e3o Tempesta.<\/p>\n<p>     <a href=\"https:\/\/www.vaticannews.va\/pt\/papa\/news\/2025-10\/papa-audiencia-geral-catequese-jesus-ressuscitado-22-10-2025.html\" title=\"Papa: Jesus Ressuscitado cura a tristeza que paralisa o cora\u00e7\u00e3o\" rel=\"nofollow noopener\" target=\"_blank\"><\/p>\n<p>        <img decoding=\"async\" src=\"data:image\/gif;base64,R0lGODlhAQABAIAAAAAAAP\/\/\/yH5BAEAAAAALAAAAAABAAEAAAIBRAA7\" data-original=\"https:\/\/www.vaticannews.va\/content\/dam\/vaticannews\/agenzie\/images\/srv\/2025\/10\/22\/2025-10-22-udienza-generale\/1761122388064.JPG\/_jcr_content\/renditions\/cq5dam.thumbnail.cropped.500.281.jpeg\" alt=\"Papa: Jesus Ressuscitado cura a tristeza que paralisa o cora\u00e7\u00e3o\"\/><\/p>\n<p>      <\/a><\/p>\n<p>\n      Na catequese da Audi\u00eancia Geral desta quarta-feira (22\/10), o Pont\u00edfice refletiu sobre os disc\u00edpulos de Ema\u00fas e recordou que Cristo caminha conosco, iluminando os caminhos sombrios &#8230;\n     <\/p>\n<p>Outubro mission\u00e1rio <\/p>\n<p>Na Audi\u00eancia Geral, Le\u00e3o XIV recordou que outubro \u00e9 o m\u00eas das Miss\u00f5es na Igreja e tamb\u00e9m de Nossa Senhora do Ros\u00e1rio. Aos peregrinos de l\u00edngua francesa disse: &#8220;irm\u00e3os e irm\u00e3s, recorremos frequentemente a Nossa Senhora do Ros\u00e1rio neste m\u00eas de outubro dedicado a ela. Permane\u00e7amos vigilantes todos os dias no estupor da P\u00e1scoa de Jesus Ressuscitado, Aquele que torna poss\u00edvel o imposs\u00edvel&#8221;. Na sauda\u00e7\u00e3o aos fi\u00e9is de l\u00edngua italiana, especialmente aos jovens e rec\u00e9m-casados, o Papa fez um encorajamento:<\/p>\n<blockquote>\n<p>\u201cQueridos amigos, o m\u00eas de outubro nos convida a renovar a nossa coopera\u00e7\u00e3o ativa com a miss\u00e3o da Igreja. Com a for\u00e7a da ora\u00e7\u00e3o, com o potencial da vida conjugal e com o frescor das energias da juventude, saibam ser mission\u00e1rios do Evangelho, oferecendo o seu apoio concreto \u00e0queles que dedicam a exist\u00eancia \u00e0 evangeliza\u00e7\u00e3o dos povos.\u201d<\/p>\n<\/blockquote>\n<p>A sauda\u00e7\u00e3o aos brasileiros <\/p>\n<p>Retomando a <a href=\"https:\/\/www.vatican.va\/content\/leo-xiv\/pt\/audiences\/2025\/documents\/20251022-udienza-generale.html\" target=\"_blank\" rel=\"external nofollow noopener\">catequese da Audi\u00eancia Geral<\/a> sobre a P\u00e1scoa de Cristo e os desafios do mundo de hoje, em particular, \u00e0 tristeza humana, Le\u00e3o XIV se dirigiu aos fi\u00e9is\u00a0l\u00edngua alem\u00e3: &#8220;n\u00e3o vamos ceder \u00e0 tenta\u00e7\u00e3o da tristeza, mas deixemos que Cristo Ressuscitado nos acompanhe e ilumine tamb\u00e9m n\u00f3s com a sua luz que dissipa todas as trevas&#8221;. Mensagem que foi refor\u00e7ada em seguida: &#8220;sa\u00fado cordialmente os peregrinos de l\u00edngua espanhola. Pe\u00e7amos ao Senhor que saibamos reconhecer sua presen\u00e7a no caminho da nossa vida, especialmente nos momentos de tristeza e escurid\u00e3o, e que a alegria da P\u00e1scoa seja o distintivo do nosso compromisso mission\u00e1rio&#8221;.<\/p>\n<p>Aos fi\u00e9is de l\u00edngua portuguesa, Le\u00e3o XIV tamb\u00e9m enalteceu que acreditar na ressurrei\u00e7\u00e3o de Jesus pode curar a tristeza, fazendo arder de alegria o cora\u00e7\u00e3o. Enfim, significa aderir \u00e0 verdade que ilumina de esperan\u00e7a o nosso olhar:<\/p>\n<blockquote>\n<p>\u201cQueridos peregrinos de l\u00edngua portuguesa, o Senhor Ressuscitado continua a aproximar-se de todos, reacendendo nos cora\u00e7\u00f5es a esperan\u00e7a e a alegria. Ide ao seu encontro, de modo especial em cada domingo, quando Ele mesmo a n\u00f3s se oferece na Eucaristia, para que o seu p\u00e3o partido pela vida do mundo sacie a humanidade de hoje. Deus os aben\u00e7oe!\u201d<\/p>\n<\/blockquote>\n<p>O agradecimento aos Amigos do Santo Padre <\/p>\n<p>Ao saudar os fi\u00e9is de l\u00edngua inglesa, Le\u00e3o XIV agradeceu o grupo de doadores \u201cFriends of the Holy Father\u201d da Gr\u00e3-Bretanha:<\/p>\n<p>&#8220;Em particular, sa\u00fado e agrade\u00e7o o grupo <a href=\"https:\/\/www.thefriendsoftheholyfather.org\/\" target=\"_blank\" rel=\"external nofollow noopener\">Amigos do Santo Padre<\/a> da Gr\u00e3-Bretanha, que doou o est\u00fadio m\u00f3vel para uso dos servi\u00e7os do Vatican News. Espero que o Jubileu continue a ser para todos voc\u00eas um tempo de renova\u00e7\u00e3o espiritual e de crescimento na alegria do Evangelho.&#8221;<\/p>\n<p>O gazebo, uma estrutura concebida como espa\u00e7o de encontro e informa\u00e7\u00e3o multil\u00edngue para o trabalho da R\u00e1dio Vaticano &#8211; Vatican News &#8211; L&#8217;Osservatore Romano, est\u00e1 localizado desde julho sob a colunata de S\u00e3o Pedro. O est\u00fadio m\u00f3vel, concebido para dar aos peregrinos do Jubileu da Esperan\u00e7a uma informa\u00e7\u00e3o de maior \u201cproximidade\u201d, estreou em 25 de julho com a transmiss\u00e3o \u201cR\u00e1dio Vaticano com voc\u00eas\u201d.<\/p>\n","protected":false},"excerpt":{"rendered":"Era 22 de outubro de 1978. Na primeira homilia como Bispo de Roma, Jo\u00e3o Paulo II exortou ao&hellip;\n","protected":false},"author":2,"featured_media":123205,"comment_status":"","ping_status":"","sticky":false,"template":"","format":"standard","meta":{"footnotes":""},"categories":[50],"tags":[3991,726,27,28,15,16,14,25,26,21,22,8227,3121,62,12,13,19,20,12636,811,23,24,2340,17,18,29,30,31,63,64,65],"class_list":{"0":"post-123204","1":"post","2":"type-post","3":"status-publish","4":"format-standard","5":"has-post-thumbnail","7":"category-mundo","8":"tag-audiencia-geral","9":"tag-brasil","10":"tag-breaking-news","11":"tag-breakingnews","12":"tag-featured-news","13":"tag-featurednews","14":"tag-headlines","15":"tag-latest-news","16":"tag-latestnews","17":"tag-main-news","18":"tag-mainnews","19":"tag-midia","20":"tag-missionarios","21":"tag-mundo","22":"tag-news","23":"tag-noticias","24":"tag-noticias-principais","25":"tag-noticiasprincipais","26":"tag-papa-joao-paulo-ii","27":"tag-papa-leao-xiv","28":"tag-principais-noticias","29":"tag-principaisnoticias","30":"tag-radio-vaticano","31":"tag-top-stories","32":"tag-topstories","33":"tag-ultimas","34":"tag-ultimas-noticias","35":"tag-ultimasnoticias","36":"tag-world","37":"tag-world-news","38":"tag-worldnews"},"share_on_mastodon":{"url":"https:\/\/pubeurope.com\/@pt\/115424011433016328","error":""},"_links":{"self":[{"href":"https:\/\/www.europesays.com\/pt\/wp-json\/wp\/v2\/posts\/123204","targetHints":{"allow":["GET"]}}],"collection":[{"href":"https:\/\/www.europesays.com\/pt\/wp-json\/wp\/v2\/posts"}],"about":[{"href":"https:\/\/www.europesays.com\/pt\/wp-json\/wp\/v2\/types\/post"}],"author":[{"embeddable":true,"href":"https:\/\/www.europesays.com\/pt\/wp-json\/wp\/v2\/users\/2"}],"replies":[{"embeddable":true,"href":"https:\/\/www.europesays.com\/pt\/wp-json\/wp\/v2\/comments?post=123204"}],"version-history":[{"count":0,"href":"https:\/\/www.europesays.com\/pt\/wp-json\/wp\/v2\/posts\/123204\/revisions"}],"wp:featuredmedia":[{"embeddable":true,"href":"https:\/\/www.europesays.com\/pt\/wp-json\/wp\/v2\/media\/123205"}],"wp:attachment":[{"href":"https:\/\/www.europesays.com\/pt\/wp-json\/wp\/v2\/media?parent=123204"}],"wp:term":[{"taxonomy":"category","embeddable":true,"href":"https:\/\/www.europesays.com\/pt\/wp-json\/wp\/v2\/categories?post=123204"},{"taxonomy":"post_tag","embeddable":true,"href":"https:\/\/www.europesays.com\/pt\/wp-json\/wp\/v2\/tags?post=123204"}],"curies":[{"name":"wp","href":"https:\/\/api.w.org\/{rel}","templated":true}]}}