{"id":123212,"date":"2025-10-23T14:50:09","date_gmt":"2025-10-23T14:50:09","guid":{"rendered":"https:\/\/www.europesays.com\/pt\/123212\/"},"modified":"2025-10-23T14:50:09","modified_gmt":"2025-10-23T14:50:09","slug":"podemos-viver-juntos-pergunta-o-novo-filme-de-andre-techine-com-isabelle-hupert-a-resposta-nao-e-clara","status":"publish","type":"post","link":"https:\/\/www.europesays.com\/pt\/123212\/","title":{"rendered":"Podemos viver juntos?, pergunta o novo filme de Andr\u00e9 T\u00e9chin\u00e9 com Isabelle Hupert. A resposta n\u00e3o \u00e9 clara"},"content":{"rendered":"<p class=\"texto\"> \u00c9 dif\u00edcil atravessar os primeiros minutos do novo T\u00e9chin\u00e9 sem que a nossa aten\u00e7\u00e3o se prenda \u00e0 mal-amanhada constru\u00e7\u00e3o sint\u00e1tica das suas frases. De facto, a nossa tentativa de entender o discurso narrativo do filme \u00e9 perturbada pelo excesso de montagem: h\u00e1 v\u00e1rias sequ\u00eancias cuja unidade \u00e9 quebrada pela desnecess\u00e1ria multiplica\u00e7\u00e3o de planos curtos, que, com pouca ou nenhuma varia\u00e7\u00e3o de enquadramento, descrevem uma mesma a\u00e7\u00e3o (o mais das vezes, levada a cabo por personagens im\u00f3veis). Menos marca de estilo do que de pressa, o privil\u00e9gio que assim se d\u00e1 aos planos curtos e reiterativos imprime ao in\u00edcio do filme uma cad\u00eancia espasm\u00f3dica, que nos impede de ler com clareza as personagens. <\/p>\n<p><a href=\"https:\/\/expresso.pt\/subscrever?action=GEN&amp;channel=VID&amp;type=CAP&amp;source=WEB&amp;returnUrl=https:\/\/expresso.pt\/revista\/culturas\/cinema\/2025-10-23-podemos-viver-juntos--pergunta-o-novo-filme-de-andre-techine-com-isabelle-hupert.-a-resposta-nao-e-clara-33848297?amp;utm_medium\\u003dcontent=&amp;utm_source=expresso&amp;utm_medium=locked_article&amp;locked=true&amp;article_id=4bd109cd-7ae4-4abb-a334-b47d4f5d070c&amp;author_id=Vasco+Baptista+Marques&amp;category=Cinema\" target=\"_self\" class=\"\" rel=\"nofollow noopener\">Subscrever<\/a>J\u00e1 \u00e9 Subscritor?Fa\u00e7a login e continue a ler<a href=\"http:\/\/expresso.pt\/codigo?redirectUrl=https:\/\/expresso.pt\/revista\/culturas\/cinema\/2025-10-23-podemos-viver-juntos--pergunta-o-novo-filme-de-andre-techine-com-isabelle-hupert.-a-resposta-nao-e-clara-33848297?amp;utm_medium\\u003dcontent=\" target=\"_self\" class=\"\" rel=\"nofollow noopener\">Inserir C\u00f3digo<\/a>Comprou o Expresso?Insira o c\u00f3digo presente na Revista E para continuar a ler<\/p>\n","protected":false},"excerpt":{"rendered":"\u00c9 dif\u00edcil atravessar os primeiros minutos do novo T\u00e9chin\u00e9 sem que a nossa aten\u00e7\u00e3o se prenda \u00e0 mal-amanhada&hellip;\n","protected":false},"author":2,"featured_media":123213,"comment_status":"","ping_status":"","sticky":false,"template":"","format":"standard","meta":{"footnotes":""},"categories":[140],"tags":[114,115,147,148,146,32,33],"class_list":{"0":"post-123212","1":"post","2":"type-post","3":"status-publish","4":"format-standard","5":"has-post-thumbnail","7":"category-filmes","8":"tag-entertainment","9":"tag-entretenimento","10":"tag-film","11":"tag-filmes","12":"tag-movies","13":"tag-portugal","14":"tag-pt"},"share_on_mastodon":{"url":"https:\/\/pubeurope.com\/@pt\/115424043341910988","error":""},"_links":{"self":[{"href":"https:\/\/www.europesays.com\/pt\/wp-json\/wp\/v2\/posts\/123212","targetHints":{"allow":["GET"]}}],"collection":[{"href":"https:\/\/www.europesays.com\/pt\/wp-json\/wp\/v2\/posts"}],"about":[{"href":"https:\/\/www.europesays.com\/pt\/wp-json\/wp\/v2\/types\/post"}],"author":[{"embeddable":true,"href":"https:\/\/www.europesays.com\/pt\/wp-json\/wp\/v2\/users\/2"}],"replies":[{"embeddable":true,"href":"https:\/\/www.europesays.com\/pt\/wp-json\/wp\/v2\/comments?post=123212"}],"version-history":[{"count":0,"href":"https:\/\/www.europesays.com\/pt\/wp-json\/wp\/v2\/posts\/123212\/revisions"}],"wp:featuredmedia":[{"embeddable":true,"href":"https:\/\/www.europesays.com\/pt\/wp-json\/wp\/v2\/media\/123213"}],"wp:attachment":[{"href":"https:\/\/www.europesays.com\/pt\/wp-json\/wp\/v2\/media?parent=123212"}],"wp:term":[{"taxonomy":"category","embeddable":true,"href":"https:\/\/www.europesays.com\/pt\/wp-json\/wp\/v2\/categories?post=123212"},{"taxonomy":"post_tag","embeddable":true,"href":"https:\/\/www.europesays.com\/pt\/wp-json\/wp\/v2\/tags?post=123212"}],"curies":[{"name":"wp","href":"https:\/\/api.w.org\/{rel}","templated":true}]}}