{"id":123224,"date":"2025-10-23T14:59:07","date_gmt":"2025-10-23T14:59:07","guid":{"rendered":"https:\/\/www.europesays.com\/pt\/123224\/"},"modified":"2025-10-23T14:59:07","modified_gmt":"2025-10-23T14:59:07","slug":"nao-tinha-psoriase-desde-que-me-divorciei-diz-kim-kardashian","status":"publish","type":"post","link":"https:\/\/www.europesays.com\/pt\/123224\/","title":{"rendered":"&#8220;N\u00e3o tinha psor\u00edase desde que me divorciei&#8221;, diz Kim Kardashian"},"content":{"rendered":"<p data-remotead-prev-elm=\"true\" data-remotead-elm-id=\"inread\">A confid\u00eancia surgiu na estreia da s\u00e9tima temporada do reality show da fam\u00edlia The Kardashians, no qual Kim revelou que ainda sente &#8220;S\u00edndrome de Estocolmo&#8221; pelo ex-marido, o pol\u00e9mico rapper Kanye West. Kim Kardashian foi mais longe e explicou ainda que tinha deixado de ter problemas com a psor\u00edase, doen\u00e7a de pele cr\u00f3nica autoimune de que sofre, desde que o casal se tinha divorciado, em 2021.<\/p>\n<p>Contudo, a socialite e influenciadora tamb\u00e9m revelou que a psor\u00edase estava a regressar e que o causador era, novamente, o ex-companheiro, agora alegadamente a fazer press\u00e3o em torno dos filhos de ambos. <\/p>\n<p>&#8220;N\u00e3o tenho psor\u00edase desde que me divorciei, mas simplesmente come\u00e7ou a voltar&#8221;, revelou a <a href=\"https:\/\/www.jn.pt\/pessoas\/artigo\/kim-kardashian-cobre-o-rosto-em-gala-de-hollywood-um-dia-apos-a-proibicao-da-burca-em-portugal\/18010296\" target=\"_blank\" rel=\"nofollow noopener\">empres\u00e1ria que acabou de causar pol\u00e9mica ao surgir de cara tapada em novo evento<\/a> em Hollywood, vincando que este retrocesso na doen\u00e7a cr\u00f3nica se deve ao fato de estar a ser &#8220;bastante testada&#8221; por West, com quem esteve casada sete anos.<\/p>\n<p data-remotead-prev-elm=\"true\" data-remotead-elm-id=\"centro1\">&#8220;Quer dizer, estou com psor\u00edase de novo. Tenho-me sentido mais stressada e, provavelmente, tal s\u00f3 est\u00e1 a acontecer  porque tive que super, super proteger o que tinha que proteger&#8221;, afirmou Kim, referindo-se aos filhos e ao que estes veem o pai fazer.<\/p>\n<p>&#8220;Coitados dos meus filhos. Todos \u00e0 volta podem lidar com isso, mas, por favor, protejam os meus beb\u00e9s&#8221;, pediu a <a href=\"https:\/\/www.jn.pt\/delas\/artigo\/cuecas-com-pelos-publicos-kim-kardashian-volta-a-provocar-a-esgotar-e-a-agitar-a-critica\/18008711\" target=\"_blank\" rel=\"nofollow noopener\">empres\u00e1ria, que lan\u00e7ou recentemente uma cole\u00e7\u00e3o de tangas com pelos p\u00fabicos falsos<\/a>. Recorde-se que Kim \u00e9 m\u00e3e de North, com 12 anos, Saint, de 9, Chicago, de 7, e Psalm, com 6. &#8220;Eles v\u00e3o saber das coisas. Eles v\u00e3o crescer, v\u00e3o ver. Por isso, o meu trabalho como m\u00e3e \u00e9 apenas garantir que &#8211; no momento em que esses comportamentos acontecem &#8211; eles est\u00e3o protegidos.&#8221;<\/p>\n","protected":false},"excerpt":{"rendered":"A confid\u00eancia surgiu na estreia da s\u00e9tima temporada do reality show da fam\u00edlia The Kardashians, no qual Kim&hellip;\n","protected":false},"author":2,"featured_media":123225,"comment_status":"","ping_status":"","sticky":false,"template":"","format":"standard","meta":{"footnotes":""},"categories":[145],"tags":[211,210,20491,1979,4357,114,115,5051,3968,32,20000,33],"class_list":{"0":"post-123224","1":"post","2":"type-post","3":"status-publish","4":"format-standard","5":"has-post-thumbnail","7":"category-celebridades","8":"tag-celebridades","9":"tag-celebrities","10":"tag-delas","11":"tag-divorcio","12":"tag-doenca","13":"tag-entertainment","14":"tag-entretenimento","15":"tag-kim-kardashian","16":"tag-mulher","17":"tag-portugal","18":"tag-psoriase","19":"tag-pt"},"share_on_mastodon":{"url":"https:\/\/pubeurope.com\/@pt\/115424078290924838","error":""},"_links":{"self":[{"href":"https:\/\/www.europesays.com\/pt\/wp-json\/wp\/v2\/posts\/123224","targetHints":{"allow":["GET"]}}],"collection":[{"href":"https:\/\/www.europesays.com\/pt\/wp-json\/wp\/v2\/posts"}],"about":[{"href":"https:\/\/www.europesays.com\/pt\/wp-json\/wp\/v2\/types\/post"}],"author":[{"embeddable":true,"href":"https:\/\/www.europesays.com\/pt\/wp-json\/wp\/v2\/users\/2"}],"replies":[{"embeddable":true,"href":"https:\/\/www.europesays.com\/pt\/wp-json\/wp\/v2\/comments?post=123224"}],"version-history":[{"count":0,"href":"https:\/\/www.europesays.com\/pt\/wp-json\/wp\/v2\/posts\/123224\/revisions"}],"wp:featuredmedia":[{"embeddable":true,"href":"https:\/\/www.europesays.com\/pt\/wp-json\/wp\/v2\/media\/123225"}],"wp:attachment":[{"href":"https:\/\/www.europesays.com\/pt\/wp-json\/wp\/v2\/media?parent=123224"}],"wp:term":[{"taxonomy":"category","embeddable":true,"href":"https:\/\/www.europesays.com\/pt\/wp-json\/wp\/v2\/categories?post=123224"},{"taxonomy":"post_tag","embeddable":true,"href":"https:\/\/www.europesays.com\/pt\/wp-json\/wp\/v2\/tags?post=123224"}],"curies":[{"name":"wp","href":"https:\/\/api.w.org\/{rel}","templated":true}]}}