{"id":123251,"date":"2025-10-23T15:20:10","date_gmt":"2025-10-23T15:20:10","guid":{"rendered":"https:\/\/www.europesays.com\/pt\/123251\/"},"modified":"2025-10-23T15:20:10","modified_gmt":"2025-10-23T15:20:10","slug":"gripe-aviaria-esta-de-volta-aos-eua","status":"publish","type":"post","link":"https:\/\/www.europesays.com\/pt\/123251\/","title":{"rendered":"Gripe avi\u00e1ria est\u00e1 de volta aos EUA"},"content":{"rendered":"\n<p class=\" content-text__container theme-color-primary-first-letter\" data-track-category=\"Link no Texto\" data-track-links=\"\"> A <a class=\"\" href=\"https:\/\/oglobo.globo.com\/tudo-sobre\/assunto\/gripe-aviaria\/\" rel=\"nofollow noopener\" target=\"_blank\">gripe avi\u00e1ria<\/a> est\u00e1 de volta nos Estados Unidos. Ap\u00f3s um ver\u00e3o tranquilo, o v\u00edrus atingiu dezenas de granjas av\u00edcolas, resultando na morte de quase 7 milh\u00f5es de aves criadas em cativeiro no pa\u00eds desde o in\u00edcio de setembro. Entre elas: cerca de 1,3 milh\u00e3o de perus, pressionando o suprimento nacional de perus \u00e0s v\u00e9speras do Dia de A\u00e7\u00e3o de Gra\u00e7as. <\/p>\n<ul class=\"content-unordered-list\">\n<li><strong>\u2018Sou careca, e da\u00ed?\u2019:<\/strong> <a class=\"\" href=\"https:\/\/oglobo.globo.com\/saude\/noticia\/2025\/10\/23\/sou-careca-e-dai-cresce-o-numero-de-homens-que-assumem-a-falta-de-fios-com-orgulho.ghtml\" rel=\"nofollow noopener\" target=\"_blank\">cresce o n\u00famero de homens que assumem a falta de fios com orgulho; como cuidar da pele da cabe\u00e7a <\/a><\/li>\n<li><strong>Da paix\u00e3o \u00e0 crise:<\/strong> <a class=\"\" href=\"https:\/\/oglobo.globo.com\/saude\/noticia\/2025\/10\/23\/da-paixao-a-crise-psicologa-de-casais-explica-os-cinco-estagios-de-um-relacionamento.ghtml\" rel=\"nofollow noopener\" target=\"_blank\">psic\u00f3loga de casais explica os cinco est\u00e1gios de um relacionamento<\/a><\/li>\n<\/ul>\n<p class=\" content-text__container \" data-track-category=\"Link no Texto\" data-track-links=\"\"> Relatos de aves selvagens infectadas tamb\u00e9m aumentaram, e tr\u00eas estados \u2014 Idaho, Nebraska e Texas \u2014 identificaram surtos em vacas leiteiras. O v\u00edrus geralmente surge no outono, quando p\u00e1ssaros selvagens come\u00e7am a migrar para o sul; este ano, o aumento de casos est\u00e1 ocorrendo durante uma paralisa\u00e7\u00e3o do governo, j\u00e1 que as ag\u00eancias federais que normalmente est\u00e3o envolvidas na resposta est\u00e3o trabalhando com equipes reduzidas. <\/p>\n<p class=\" content-text__container \" data-track-category=\"Link no Texto\" data-track-links=\"\"> Os Centros de Controle e Preven\u00e7\u00e3o de Doen\u00e7as (CDC), que monitoram casos humanos, e o Departamento de Agricultura, que monitora surtos em animais, suspenderam a comunica\u00e7\u00e3o de rotina com os estados, deixando muitas autoridades sem orienta\u00e7\u00f5es atualizadas sobre como detectar e conter a doen\u00e7a, ou um panorama nacional claro do surto. <\/p>\n<p class=\" content-text__container \" data-track-category=\"Link no Texto\" data-track-links=\"\"> \u2014 Por causa da paralisa\u00e7\u00e3o do governo, sei menos do que normalmente saberia \u2014 constata Amy Swinford, diretora do Laborat\u00f3rio de Diagn\u00f3stico M\u00e9dico Veterin\u00e1rio da Texas A&amp;M, que faz parte de uma rede nacional de laborat\u00f3rios que realiza vigil\u00e2ncia da gripe avi\u00e1ria nos EUA. <\/p>\n<p class=\" content-text__container \" data-track-category=\"Link no Texto\" data-track-links=\"\"> O Departamento de Agricultura n\u00e3o respondeu imediatamente a um pedido de coment\u00e1rio. Emily Hilliard, porta-voz do departamento de sa\u00fade, por sua vez, afirma que o CDC estava mantendo seu centro de opera\u00e7\u00f5es de emerg\u00eancia e sua capacidade de detectar e responder a amea\u00e7as urgentes \u00e0 sa\u00fade p\u00fablica. <\/p>\n<ul class=\"content-unordered-list\">\n<li><strong>Diabetes:<\/strong> <a class=\"\" href=\"https:\/\/oglobo.globo.com\/saude\/noticia\/2025\/10\/23\/diabetes-novo-sensor-com-ia-chega-ao-brasil-veja-o-que-faz-a-nova-geracao-de-medidores-de-glicose.ghtml\" rel=\"nofollow noopener\" target=\"_blank\">novo sensor com IA chega ao Brasil; veja o que faz a nova gera\u00e7\u00e3o de medidores de glicose<\/a><\/li>\n<\/ul>\n<p class=\" content-text__container \" data-track-category=\"Link no Texto\" data-track-links=\"\"> Mas as batidas de imigra\u00e7\u00e3o est\u00e3o afugentando trabalhadores de fazendas de latic\u00ednios e aves, que poderiam, de outra forma, procurar ajuda para seus sintomas. E o pa\u00eds est\u00e1 \u00e0 beira da temporada de gripe, o que pode complicar ainda mais os esfor\u00e7os para identificar casos de gripe avi\u00e1ria, segundo alguns especialistas. <\/p>\n<p class=\" content-text__container \" data-track-category=\"Link no Texto\" data-track-links=\"\"> A nova onda de detec\u00e7\u00f5es deixa claro que os \u00faltimos meses, durante os quais o v\u00edrus praticamente desapareceu das granjas av\u00edcolas do pa\u00eds e os pre\u00e7os dos ovos ca\u00edram de n\u00edveis recordes, foram uma tr\u00e9gua tempor\u00e1ria. O aumento repentino deste outono come\u00e7ou mais cedo do que o habitual, e os especialistas est\u00e3o se preparando para uma acelera\u00e7\u00e3o nos pr\u00f3ximos meses. <\/p>\n<p class=\" content-text__container \" data-track-category=\"Link no Texto\" data-track-links=\"\"> \u2014 O v\u00edrus se estabilizou neste padr\u00e3o sazonal. Isso continuar\u00e1 sendo a nova norma \u2014 explica Richard Webby, especialista em influenza do Hospital de Pesquisa Infantil St. Jude. <\/p>\n<p class=\" content-text__container \" data-track-category=\"Link no Texto\" data-track-links=\"\"> O ressurgimento do v\u00edrus tamb\u00e9m significa que, com a aproxima\u00e7\u00e3o dos feriados, os americanos poder\u00e3o ver pre\u00e7os mais altos tanto para ovos quanto para perus. <\/p>\n<ul class=\"content-unordered-list\">\n<li><strong>Botulismo: <\/strong><a class=\"\" href=\"https:\/\/oglobo.globo.com\/saude\/noticia\/2025\/10\/23\/botulismo-o-que-e-a-doenca-que-deixou-homem-internado-no-df-apos-comer-pimenta-em-conserva.ghtml\" rel=\"nofollow noopener\" target=\"_blank\">o que \u00e9 a doen\u00e7a que deixou homem internado no DF ap\u00f3s comer pimenta em conserva<\/a><\/li>\n<\/ul>\n<p class=\" content-text__container \" data-track-category=\"Link no Texto\" data-track-links=\"\"> \u2014 Nossos produtores de peru est\u00e3o sendo duramente atingidos neste outono. Os pre\u00e7os do peru no atacado j\u00e1 est\u00e3o 40% mais altos do que no ano passado \u2014 diz Bernt Nelson, economista da Federa\u00e7\u00e3o Americana de Ag\u00eancias Agr\u00edcolas. <\/p>\n<p class=\" content-text__container \" data-track-category=\"Link no Texto\" data-track-links=\"\"> Desde o in\u00edcio de 2022, o v\u00edrus afetou mais de 180 milh\u00f5es de aves criadas em cativeiro e matou in\u00fameras aves selvagens. Mas tamb\u00e9m infectou dezenas de novas esp\u00e9cies, o que sugere que ele mudou significativamente ao longo do tempo. <\/p>\n<p class=\" content-text__container \" data-track-category=\"Link no Texto\" data-track-links=\"\"> No in\u00edcio de 2024, a doen\u00e7a se espalhou para vacas leiteiras, atingindo mais de mil rebanhos em 18 estados. J\u00e1 infectou pelo menos 70 pessoas, a maioria trabalhadores rurais, resultando em v\u00e1rias hospitaliza\u00e7\u00f5es e uma morte. <\/p>\n<p class=\" content-text__container \" data-track-category=\"Link no Texto\" data-track-links=\"\"> O Departamento de Agricultura dos Estados Unidos disse que usaria fundos de emerg\u00eancia para apoiar seu programa de gripe avi\u00e1ria durante a paralisa\u00e7\u00e3o, e o CDC manteve alguns funcion\u00e1rios essenciais que poderiam ajudar em caso de emerg\u00eancia. <\/p>\n<ul class=\"content-unordered-list\">\n<li><strong>Anatomia:<\/strong> <a class=\"\" href=\"https:\/\/oglobo.globo.com\/saude\/medicina\/noticia\/2025\/10\/22\/a-sinistra-historia-das-ilustracoes-medicas-e-a-questao-do-consentimento.ghtml\" rel=\"nofollow noopener\" target=\"_blank\">a sinistra hist\u00f3ria das ilustra\u00e7\u00f5es de corpos em livros m\u00e9dicos sem o consentimento do paciente<\/a><\/li>\n<\/ul>\n<p class=\" content-text__container \" data-track-category=\"Link no Texto\" data-track-links=\"\"> As demiss\u00f5es no CDC neste m\u00eas afetaram inicialmente especialistas em doen\u00e7as infecciosas, incluindo a diretora interina do Centro Nacional de Doen\u00e7as Infecciosas e Respirat\u00f3rias, bem como todo o seu gabinete. O governo Trump tamb\u00e9m demitiu inicialmente dezenas de pesquisadores de doen\u00e7as da ag\u00eancia, membros do Servi\u00e7o de Intelig\u00eancia Epid\u00eamica que s\u00e3o enviados para ajudar a extinguir surtos. <\/p>\n<p class=\" content-text__container \" data-track-category=\"Link no Texto\" data-track-links=\"\"> Mas, menos de 24 horas depois, suas demiss\u00f5es foram anuladas. Ainda assim, muitos cientistas com experi\u00eancia em gripe avi\u00e1ria foram afastados do trabalho, e o CDC suspendeu diversas liga\u00e7\u00f5es regulares que realizava para manter autoridades estaduais de sa\u00fade p\u00fablica e veterin\u00e1rias informadas sobre surtos. <\/p>\n<p class=\" content-text__container \" data-track-category=\"Link no Texto\" data-track-links=\"\"> As autoridades da ag\u00eancia normalmente atualizariam as autoridades estaduais sobre a escala dos surtos, quaisquer mudan\u00e7as no v\u00edrus e as medidas de conten\u00e7\u00e3o recomendadas. <\/p>\n<p class=\" content-text__container \" data-track-category=\"Link no Texto\" data-track-links=\"\"> A Rede Nacional de Sa\u00fade de Laborat\u00f3rios Animais, coordenada pelo Departamento, tamb\u00e9m suspendeu suas liga\u00e7\u00f5es semanais, o que permitia que os laborat\u00f3rios compartilhassem informa\u00e7\u00f5es. Os laborat\u00f3rios desempenham um papel fundamental na vigil\u00e2ncia da gripe avi\u00e1ria, recebendo financiamento federal para testar aves, vacas e outros animais para detectar o v\u00edrus. <\/p>\n<p class=\" content-text__container \" data-track-category=\"Link no Texto\" data-track-links=\"\"> \u2014 A suspens\u00e3o das liga\u00e7\u00f5es significa que nenhum dos laborat\u00f3rios est\u00e1 se comunicando em n\u00edvel nacional. Portanto, se algo mudar, n\u00e3o teremos uma boa maneira de divulgar essas informa\u00e7\u00f5es \u2014 ressalta Keith Poulsen, diretor do Laborat\u00f3rio de Diagn\u00f3stico Veterin\u00e1rio de Wisconsin. <\/p>\n<p class=\" content-text__container \" data-track-category=\"Link no Texto\" data-track-links=\"\"> O v\u00edrus tamb\u00e9m continua sendo uma amea\u00e7a para as aves selvagens, incluindo muitas esp\u00e9cies amea\u00e7adas. No m\u00eas passado, a International Crane Foundation anunciou a primeira morte confirmada de um grou-americano, esp\u00e9cie em perigo de extin\u00e7\u00e3o, devido \u00e0 gripe avi\u00e1ria. O grou, criado em um programa de reprodu\u00e7\u00e3o em cativeiro, estava programado para ser solto na natureza, onde restam menos de mil exemplares da mesma esp\u00e9cie. <\/p>\n","protected":false},"excerpt":{"rendered":"A gripe avi\u00e1ria est\u00e1 de volta nos Estados Unidos. Ap\u00f3s um ver\u00e3o tranquilo, o v\u00edrus atingiu dezenas de&hellip;\n","protected":false},"author":2,"featured_media":123252,"comment_status":"","ping_status":"","sticky":false,"template":"","format":"standard","meta":{"footnotes":""},"categories":[86],"tags":[28482,3861,319,116,32,33,117],"class_list":{"0":"post-123251","1":"post","2":"type-post","3":"status-publish","4":"format-standard","5":"has-post-thumbnail","7":"category-saude","8":"tag-cdc-centers-for-disease-control-and-prevention","9":"tag-gripe-aviaria","10":"tag-hard-news","11":"tag-health","12":"tag-portugal","13":"tag-pt","14":"tag-saude"},"share_on_mastodon":{"url":"https:\/\/pubeurope.com\/@pt\/115424160888276568","error":""},"_links":{"self":[{"href":"https:\/\/www.europesays.com\/pt\/wp-json\/wp\/v2\/posts\/123251","targetHints":{"allow":["GET"]}}],"collection":[{"href":"https:\/\/www.europesays.com\/pt\/wp-json\/wp\/v2\/posts"}],"about":[{"href":"https:\/\/www.europesays.com\/pt\/wp-json\/wp\/v2\/types\/post"}],"author":[{"embeddable":true,"href":"https:\/\/www.europesays.com\/pt\/wp-json\/wp\/v2\/users\/2"}],"replies":[{"embeddable":true,"href":"https:\/\/www.europesays.com\/pt\/wp-json\/wp\/v2\/comments?post=123251"}],"version-history":[{"count":0,"href":"https:\/\/www.europesays.com\/pt\/wp-json\/wp\/v2\/posts\/123251\/revisions"}],"wp:featuredmedia":[{"embeddable":true,"href":"https:\/\/www.europesays.com\/pt\/wp-json\/wp\/v2\/media\/123252"}],"wp:attachment":[{"href":"https:\/\/www.europesays.com\/pt\/wp-json\/wp\/v2\/media?parent=123251"}],"wp:term":[{"taxonomy":"category","embeddable":true,"href":"https:\/\/www.europesays.com\/pt\/wp-json\/wp\/v2\/categories?post=123251"},{"taxonomy":"post_tag","embeddable":true,"href":"https:\/\/www.europesays.com\/pt\/wp-json\/wp\/v2\/tags?post=123251"}],"curies":[{"name":"wp","href":"https:\/\/api.w.org\/{rel}","templated":true}]}}