{"id":123257,"date":"2025-10-23T15:24:07","date_gmt":"2025-10-23T15:24:07","guid":{"rendered":"https:\/\/www.europesays.com\/pt\/123257\/"},"modified":"2025-10-23T15:24:07","modified_gmt":"2025-10-23T15:24:07","slug":"russia-devolve-corpos-de-mil-soldados-ucranianos","status":"publish","type":"post","link":"https:\/\/www.europesays.com\/pt\/123257\/","title":{"rendered":"R\u00fassia devolve corpos de mil soldados ucranianos"},"content":{"rendered":"<p>A R\u00fassia devolveu hoje \u00e0 Ucr\u00e2nia 1.000 corpos que disse serem de soldados mortos em combate, anunciou a administra\u00e7\u00e3o ucraniana respons\u00e1vel pelos prisioneiros de guerra.<\/p>\n<p>&#8220;As opera\u00e7\u00f5es de repatriamento ocorreram hoje&#8221;, disse o organismo, que saudou a ajuda prestada pelo Comit\u00e9 Internacional da Cruz Vermelha (CICR), segundo a ag\u00eancia de not\u00edcias France-Presse (AFP).<\/p>\n<p>Os corpos, &#8220;segundo a parte russa, pertencem a militares ucranianos&#8221;, referiu a mesma fonte num comunicado citado pela ag\u00eancia oficial Ukrinform.<\/p>\n<p>M\u00e9dicos legistas e investigadores &#8220;ir\u00e3o em breve realizar todos os exames necess\u00e1rios e a identifica\u00e7\u00e3o dos corpos repatriados&#8221;, sob a autoridade da justi\u00e7a ucraniana, acrescentou.<\/p>\n<p>A Ucr\u00e2nia anunciou em meados de setembro que tinha recuperado milhares de corpos de soldados, tal como em julho e agosto, um sinal do intensificar dos combates ao longo da linha da frente no leste do pa\u00eds.<\/p>\n<p>Moscovo e Kiev trocaram 185 prisioneiros de guerra de cada lado no in\u00edcio de outubro.<\/p>\n<p>As trocas de restos mortais de militares e de prisioneiros de guerra constituem os \u00fanicos resultados das negocia\u00e7\u00f5es entre os dois pa\u00edses, mais de tr\u00eas anos e meio ap\u00f3s o in\u00edcio da invas\u00e3o russa da Ucr\u00e2nia.<\/p>\n<p>O Presidente ucraniano, Volodymyr Zelensky, disse em fevereiro a uma esta\u00e7\u00e3o de televis\u00e3o norte-americana que a Ucr\u00e2nia j\u00e1 tinha perdido mais de 46.000 soldados.<\/p>\n<p>Dezenas de milhares de outros soldados ucranianos estavam dados como desaparecidos ou estavam detidos como prisioneiros pelas for\u00e7as russas, segundo Zelensky.<\/p>\n<p>A esta\u00e7\u00e3o brit\u00e2nica BBC e o jornal independente russo Mediazona, que se baseiam em dados de acesso livre, registaram mais de 135.000 soldados russos mortos em tr\u00eas anos e meio, mas admitem que o n\u00famero real dever\u00e1 ser mais elevado.<\/p>\n<p>Tamb\u00e9m se desconhece o n\u00famero de v\u00edtimas civis nos dois pa\u00edses vizinhos desde o in\u00edcio da guerra em fevereiro de 2022.<\/p>\n<p>Leia Tamb\u00e9m: <a href=\"https:\/\/www.noticiasaominuto.com\/mundo\/2875638\/russia-abateu-139-drones-do-maior-ataque-ucraniano-em-duas-semanas\" target=\"_blank\" rel=\"noreferrer noopener nofollow\">R\u00fassia abateu 139 drones do maior ataque ucraniano em duas semanas<\/a><\/p>\n","protected":false},"excerpt":{"rendered":"A R\u00fassia devolveu hoje \u00e0 Ucr\u00e2nia 1.000 corpos que disse serem de soldados mortos em combate, anunciou a&hellip;\n","protected":false},"author":2,"featured_media":123258,"comment_status":"","ping_status":"","sticky":false,"template":"","format":"standard","meta":{"footnotes":""},"categories":[50],"tags":[27,28,15,16,14,25,26,21,22,62,12,13,19,20,23,24,17,18,29,30,31,63,64,65],"class_list":{"0":"post-123257","1":"post","2":"type-post","3":"status-publish","4":"format-standard","5":"has-post-thumbnail","7":"category-mundo","8":"tag-breaking-news","9":"tag-breakingnews","10":"tag-featured-news","11":"tag-featurednews","12":"tag-headlines","13":"tag-latest-news","14":"tag-latestnews","15":"tag-main-news","16":"tag-mainnews","17":"tag-mundo","18":"tag-news","19":"tag-noticias","20":"tag-noticias-principais","21":"tag-noticiasprincipais","22":"tag-principais-noticias","23":"tag-principaisnoticias","24":"tag-top-stories","25":"tag-topstories","26":"tag-ultimas","27":"tag-ultimas-noticias","28":"tag-ultimasnoticias","29":"tag-world","30":"tag-world-news","31":"tag-worldnews"},"share_on_mastodon":{"url":"https:\/\/pubeurope.com\/@pt\/115424176570912991","error":""},"_links":{"self":[{"href":"https:\/\/www.europesays.com\/pt\/wp-json\/wp\/v2\/posts\/123257","targetHints":{"allow":["GET"]}}],"collection":[{"href":"https:\/\/www.europesays.com\/pt\/wp-json\/wp\/v2\/posts"}],"about":[{"href":"https:\/\/www.europesays.com\/pt\/wp-json\/wp\/v2\/types\/post"}],"author":[{"embeddable":true,"href":"https:\/\/www.europesays.com\/pt\/wp-json\/wp\/v2\/users\/2"}],"replies":[{"embeddable":true,"href":"https:\/\/www.europesays.com\/pt\/wp-json\/wp\/v2\/comments?post=123257"}],"version-history":[{"count":0,"href":"https:\/\/www.europesays.com\/pt\/wp-json\/wp\/v2\/posts\/123257\/revisions"}],"wp:featuredmedia":[{"embeddable":true,"href":"https:\/\/www.europesays.com\/pt\/wp-json\/wp\/v2\/media\/123258"}],"wp:attachment":[{"href":"https:\/\/www.europesays.com\/pt\/wp-json\/wp\/v2\/media?parent=123257"}],"wp:term":[{"taxonomy":"category","embeddable":true,"href":"https:\/\/www.europesays.com\/pt\/wp-json\/wp\/v2\/categories?post=123257"},{"taxonomy":"post_tag","embeddable":true,"href":"https:\/\/www.europesays.com\/pt\/wp-json\/wp\/v2\/tags?post=123257"}],"curies":[{"name":"wp","href":"https:\/\/api.w.org\/{rel}","templated":true}]}}