{"id":123274,"date":"2025-10-23T15:38:08","date_gmt":"2025-10-23T15:38:08","guid":{"rendered":"https:\/\/www.europesays.com\/pt\/123274\/"},"modified":"2025-10-23T15:38:08","modified_gmt":"2025-10-23T15:38:08","slug":"esta-mulher-foi-multada-em-170-euros-por-despejar-cafe-numa-sarjeta","status":"publish","type":"post","link":"https:\/\/www.europesays.com\/pt\/123274\/","title":{"rendered":"Esta mulher foi multada em 170 euros por despejar caf\u00e9 numa sarjeta"},"content":{"rendered":"<p>\t                Aconteceu em Londres e, depois de muita cr\u00edtica p\u00fablica, as autoridades locais acabaram por suspender a decis\u00e3o<\/p>\n<p style=\"margin-bottom:11px\">Esta mulher est\u00e1 \u00e0 espera do autocarro. Esta mulher est\u00e1 quase a acabar o seu copo de caf\u00e9. O autocarro aproxima-se. Esta mulher despeja o que resta do caf\u00e9 na sarjeta. Afinal, os solavancos do autocarro podiam levar a epis\u00f3dios inesperados.<\/p>\n<p>Aquilo que podia parecer um gesto corriqueiro transformou-se em algo muito maior para esta mulher, no in\u00edcio de outubro, em Londres. Houve castigo, houve aten\u00e7\u00e3o medi\u00e1tica, pode haver uma mudan\u00e7a na lei.<\/p>\n<p>Burcu Yesilyurt <a href=\"https:\/\/www.bbc.com\/news\/articles\/cg435gg66gpo.amp\u00b4\" rel=\"nofollow noopener\" target=\"_blank\">contou \u00e0 BBC<\/a> que estava \u00e0 espera do autocarro para Richmond, no sudoeste de Londres, a 10 de outubro. Estava preocupada com a possibilidade de derramar caf\u00e9 a bordo. Foi ent\u00e3o que despejou o que faltava \u2013 \u201cs\u00f3 um bocadinho\u201d \u2013 do seu copo reutiliz\u00e1vel numa sarjeta.<\/p>\n<p>Foi nesse momento que a mulher foi abordada por tr\u00eas pol\u00edcias, que a informaram que tinha violado a lei. Consequ\u00eancia: uma multa de 150 libras, cerca de 170 euros.<\/p>\n<p>Os agentes explicaram-lhe que devia ter deitado o caf\u00e9 no lixo. Ao faz\u00ea-lo na sarjeta, acabou por infringir a Sec\u00e7\u00e3o 33 da Lei Brit\u00e2nica de Prote\u00e7\u00e3o Ambiental, que pro\u00edbe o descarte inadequado de res\u00edduos.<\/p>\n<p>Os pol\u00edcias, descreveu Yesilyurt, foram \u201cbastante intimidat\u00f3rios\u201d. Algo que a autoridade local, o Richmond Council, nega, falando numa abordagem \u201cadequada e com empatia\u201d. \u201cN\u00e3o foram de modo algum agressivos\u201d, juntou.<\/p>\n<p>Embora a lei relativa \u00e0 prote\u00e7\u00e3o ambiental preveja exce\u00e7\u00f5es, \u00e9 bastante improv\u00e1vel que esta mulher viesse alegar que despejou caf\u00e9 numa \u201cemerg\u00eancia, para evitar perigo para a sa\u00fade humana\u201d. Pode antes argumentar que o seu gesto foi \u201cinofensivo\u201d.<\/p>\n<p>Com a aten\u00e7\u00e3o medi\u00e1tica, vieram os coment\u00e1rios nas redes sociais, a gozar com a multa. \u201cDesproporcional\u201d ou \u201crid\u00edculo\u201d foram dos adjetivos mais simp\u00e1ticos. E, nesta quarta-feira, foi anunciada uma suspens\u00e3o.<\/p>\n<p>O Richmond Council explicou, em comunicado, que, embora a multa fosse \u201cjustificada\u201d, acreditava que se a mulher apresentasse um recurso acabaria, muito provavelmente, por ver ser anulada essa penaliza\u00e7\u00e3o.<\/p>\n<p>E poder\u00e1 este epis\u00f3dio levar a uma mudan\u00e7a mais profunda? O Richmond Council enfatiza apenas que est\u00e1 empenhado em proteger os cursos de \u00e1gua e em manter as ruas limpas. Contudo, est\u00e1 \u201ca rever as recomenda\u00e7\u00f5es sobre o descarte em locais p\u00fablicos\u201d, prometendo novidades em breve.<\/p>\n","protected":false},"excerpt":{"rendered":"Aconteceu em Londres e, depois de muita cr\u00edtica p\u00fablica, as autoridades locais acabaram por suspender a decis\u00e3o Esta&hellip;\n","protected":false},"author":2,"featured_media":123275,"comment_status":"","ping_status":"","sticky":false,"template":"","format":"standard","meta":{"footnotes":""},"categories":[50],"tags":[609,836,611,27,28,2373,607,608,333,832,604,135,610,476,15,16,301,830,14,4235,603,25,26,570,5567,21,22,831,833,6203,62,834,12,13,19,20,835,602,52,32,23,24,17,18,29,30,31,63,64,65],"class_list":{"0":"post-123274","1":"post","2":"type-post","3":"status-publish","4":"format-standard","5":"has-post-thumbnail","7":"category-mundo","8":"tag-alerta","9":"tag-analise","10":"tag-ao-minuto","11":"tag-breaking-news","12":"tag-breakingnews","13":"tag-cafe","14":"tag-cnn","15":"tag-cnn-portugal","16":"tag-comentadores","17":"tag-costa","18":"tag-crime","19":"tag-desporto","20":"tag-direto","21":"tag-economia","22":"tag-featured-news","23":"tag-featurednews","24":"tag-governo","25":"tag-guerra","26":"tag-headlines","27":"tag-insolito","28":"tag-justica","29":"tag-latest-news","30":"tag-latestnews","31":"tag-live","32":"tag-londres","33":"tag-main-news","34":"tag-mainnews","35":"tag-mais-vistas","36":"tag-marcelo","37":"tag-multa","38":"tag-mundo","39":"tag-negocios","40":"tag-news","41":"tag-noticias","42":"tag-noticias-principais","43":"tag-noticiasprincipais","44":"tag-opiniao","45":"tag-pais","46":"tag-politica","47":"tag-portugal","48":"tag-principais-noticias","49":"tag-principaisnoticias","50":"tag-top-stories","51":"tag-topstories","52":"tag-ultimas","53":"tag-ultimas-noticias","54":"tag-ultimasnoticias","55":"tag-world","56":"tag-world-news","57":"tag-worldnews"},"share_on_mastodon":{"url":"","error":"Validation failed: Text character limit of 500 exceeded"},"_links":{"self":[{"href":"https:\/\/www.europesays.com\/pt\/wp-json\/wp\/v2\/posts\/123274","targetHints":{"allow":["GET"]}}],"collection":[{"href":"https:\/\/www.europesays.com\/pt\/wp-json\/wp\/v2\/posts"}],"about":[{"href":"https:\/\/www.europesays.com\/pt\/wp-json\/wp\/v2\/types\/post"}],"author":[{"embeddable":true,"href":"https:\/\/www.europesays.com\/pt\/wp-json\/wp\/v2\/users\/2"}],"replies":[{"embeddable":true,"href":"https:\/\/www.europesays.com\/pt\/wp-json\/wp\/v2\/comments?post=123274"}],"version-history":[{"count":0,"href":"https:\/\/www.europesays.com\/pt\/wp-json\/wp\/v2\/posts\/123274\/revisions"}],"wp:featuredmedia":[{"embeddable":true,"href":"https:\/\/www.europesays.com\/pt\/wp-json\/wp\/v2\/media\/123275"}],"wp:attachment":[{"href":"https:\/\/www.europesays.com\/pt\/wp-json\/wp\/v2\/media?parent=123274"}],"wp:term":[{"taxonomy":"category","embeddable":true,"href":"https:\/\/www.europesays.com\/pt\/wp-json\/wp\/v2\/categories?post=123274"},{"taxonomy":"post_tag","embeddable":true,"href":"https:\/\/www.europesays.com\/pt\/wp-json\/wp\/v2\/tags?post=123274"}],"curies":[{"name":"wp","href":"https:\/\/api.w.org\/{rel}","templated":true}]}}