{"id":123276,"date":"2025-10-23T15:41:12","date_gmt":"2025-10-23T15:41:12","guid":{"rendered":"https:\/\/www.europesays.com\/pt\/123276\/"},"modified":"2025-10-23T15:41:12","modified_gmt":"2025-10-23T15:41:12","slug":"filha-de-arthur-aguiar-e-maira-cardi-ganha-festas-de-aniversario-opostas-e-provoca-debate-entre-internautas","status":"publish","type":"post","link":"https:\/\/www.europesays.com\/pt\/123276\/","title":{"rendered":"Filha de Arthur Aguiar e Ma\u00edra Cardi ganha festas de anivers\u00e1rio opostas e provoca debate entre internautas"},"content":{"rendered":"\n<p class=\" content-text__container theme-color-primary-first-letter\" data-track-category=\"Link no Texto\" data-track-links=\"\"> Sophia, filha do ator <strong>Arthur Aguiar<\/strong> e da influenciadora <strong>Ma\u00edra Cardi<\/strong>, completou 7 anos com duas celebra\u00e7\u00f5es distintas que repercutiram bastante nas redes sociais. <a class=\"\" href=\"https:\/\/oglobo.globo.com\/ela\/noticia\/2025\/10\/23\/polemica-na-festa-de-aniversario-da-filha-de-maira-cardi-divide-opinioes-na-web-que-sirva-de-exemplo.ghtml\" rel=\"nofollow noopener\" target=\"_blank\">Enquanto a m\u00e3e organizou uma grande festa<\/a> em um zool\u00f3gico, com decora\u00e7\u00e3o tem\u00e1tica e atra\u00e7\u00f5es elaboradas, o pai optou por uma comemora\u00e7\u00e3o mais intimista no \u00faltimo fim de semana. <\/p>\n<ul class=\"content-unordered-list\">\n<li><strong>Veja: <\/strong><a class=\"\" href=\"https:\/\/oglobo.globo.com\/ela\/noticia\/2025\/10\/23\/bruna-marquezine-surpreende-ao-comentar-post-sobre-filha-de-virginia-fonseca-e-ze-felipe.ghtml\" rel=\"nofollow noopener\" target=\"_blank\"><strong>Bruna Marquezine surpreende ao comentar post sobre filha de Virg\u00ednia Fonseca e Z\u00e9 Felipe<\/strong><\/a><\/li>\n<li><strong>Entenda <\/strong><a class=\"\" href=\"https:\/\/oglobo.globo.com\/ela\/noticia\/2025\/10\/23\/entenda-a-polemica-entre-lorena-maria-e-mc-daniel-sobre-pensao-e-cuidados-com-o-filho.ghtml\" rel=\"nofollow noopener\" target=\"_blank\"><strong>a pol\u00eamica entre Lorena Maria e MC Daniel sobre pens\u00e3o e cuidados com o filho<\/strong><\/a><\/li>\n<\/ul>\n<p class=\" content-text__container \" data-track-category=\"Link no Texto\" data-track-links=\"\"> Arthur compartilhou momentos da festa em suas redes, mostrando detalhes que encantaram seus seguidores. Nas imagens publicadas pelo artista, Sophia aparece sorridente, cercada pela fam\u00edlia, incluindo a madrasta, Jheny Santucci, e o irm\u00e3o Gabriel, filho mais novo do cantor. <\/p>\n<p>       <img decoding=\"async\" class=\"content-media__image\"  src=\"https:\/\/www.europesays.com\/pt\/wp-content\/uploads\/2025\/10\/ig-photo-1761221653.jpg\" alt=\"Arthur Aguiar fez uma festa simples para a filha com Ma\u00edra Cardi \u2014 Foto: Reprodu\u00e7\u00e3o Instagram\" width=\"960\" height=\"1276\" loading=\"lazy\"\/>  Arthur Aguiar fez uma festa simples para a filha com Ma\u00edra Cardi \u2014 Foto: Reprodu\u00e7\u00e3o Instagram       <\/p>\n<p class=\" content-text__container \" data-track-category=\"Link no Texto\" data-track-links=\"\"> A decora\u00e7\u00e3o da festa chamou aten\u00e7\u00e3o por sua simplicidade, com bal\u00f5es coloridos, doces variados, como cupcakes, bombas de chocolate e brigadeiros gourmets, e um bolo decorado com o tema unic\u00f3rnio. <\/p>\n<p class=\" content-text__container \" data-track-category=\"Link no Texto\" data-track-links=\"\"> Na legenda, Arthur expressou seu amor pela filha: &#8220;Ontem foi dia da minha princesa Sophia\u2026 Filha, que Deus aben\u00e7oe muito a sua vida! Amei passar o seu dia com voc\u00ea! Papai te ama muito!&#8221;. Jheny tamb\u00e9m comentou carinhosamente: &#8220;Princesa linda! Amamos voc\u00ea&#8221;. <\/p>\n<p>      <img decoding=\"async\" class=\"content-media__image\"  src=\"https:\/\/www.europesays.com\/pt\/wp-content\/uploads\/2025\/10\/ig-photo-1761221650.jpg\" alt=\"Arthur Aguiar parabenizou a filha, Sophia, e mostrou detalhes da festa da pequena \u2014 Foto: Reprodu\u00e7\u00e3o Instagram\" width=\"960\" height=\"1276\" loading=\"lazy\"\/>  Arthur Aguiar parabenizou a filha, Sophia, e mostrou detalhes da festa da pequena \u2014 Foto: Reprodu\u00e7\u00e3o Instagram       <\/p>\n<p class=\" content-text__container \" data-track-category=\"Link no Texto\" data-track-links=\"\"> A postagem gerou grande repercuss\u00e3o entre os f\u00e3s, que se dividiram nas opini\u00f5es. Muitos elogiaram a demonstra\u00e7\u00e3o de afeto do pai e a conviv\u00eancia harmoniosa com a madrasta. <\/p>\n<p class=\" content-text__container \" data-track-category=\"Link no Texto\" data-track-links=\"\"> &#8220;Nossa, esse anivers\u00e1rio sim foi feito de um pai para uma filha, e o carinho da madrasta legal de ver! Simples e sincero!&#8221;, afirmou um seguidor. Outro acrescentou: &#8220;O verdadeiro valor da vida est\u00e1 nas coisas mais simples, um gesto, um sorriso, um olhar cheio de amor. Porque quando h\u00e1 amor, a simplicidade se transforma em algo extraordin\u00e1rio&#8221;. <\/p>\n<p class=\" content-text__container \" data-track-category=\"Link no Texto\" data-track-links=\"\"> No entanto, nem todas as rea\u00e7\u00f5es foram positivas. Alguns internautas compararam as festas organizadas pelos pais e levantaram questionamentos sobre o impacto dessa diferen\u00e7a na crian\u00e7a. <\/p>\n<p class=\" content-text__container \" data-track-category=\"Link no Texto\" data-track-links=\"\"> &#8220;Uma festa vem de cora\u00e7\u00e3o, a outra s\u00f3 por status&#8221;, criticou uma. Outra opini\u00e3o apontou: &#8220;Ela parece bem mais leve quando est\u00e1 com o pai&#8221;. Alguns ainda ressaltaram a disparidade entre as comemora\u00e7\u00f5es. &#8220;A diferen\u00e7a de festa \u00e9 gritante! Ser\u00e1 que isso n\u00e3o afeta a crian\u00e7a? Uma festa enorme e uma festa bem mais simples. Seria melhor os adultos tivessem maturidade e fizessem uma festa s\u00f3&#8221;, comentou um internauta. <\/p>\n<p>      <img decoding=\"async\" class=\"content-media__image\"  src=\"https:\/\/www.europesays.com\/pt\/wp-content\/uploads\/2025\/10\/maira-2-.jpg\" alt=\"Ma\u00edra Cardi fez uma festa luxuosa para a filha Sophia \u2014 Foto: Reprodu\u00e7\u00e3o Instagram\" width=\"2685\" height=\"3264\" loading=\"lazy\"\/>  Ma\u00edra Cardi fez uma festa luxuosa para a filha Sophia \u2014 Foto: Reprodu\u00e7\u00e3o Instagram        <\/p>\n<p class=\" content-text__container \" data-track-category=\"Link no Texto\" data-track-links=\"\"> Apesar das opini\u00f5es diversas, houve quem defendesse a simplicidade do evento: &#8220;Gostei da simplicidade. \u00c9 assim que ela vai aprendendo&#8221;. E outros seguidores preferiram n\u00e3o entrar na discuss\u00e3o. &#8220;Tudo o povo compara. V\u00e3o viver, eu hein&#8221;, disse um. <\/p>\n","protected":false},"excerpt":{"rendered":"Sophia, filha do ator Arthur Aguiar e da influenciadora Ma\u00edra Cardi, completou 7 anos com duas celebra\u00e7\u00f5es distintas&hellip;\n","protected":false},"author":2,"featured_media":123277,"comment_status":"","ping_status":"","sticky":false,"template":"","format":"standard","meta":{"footnotes":""},"categories":[145],"tags":[211,210,114,115,319,32,33,318],"class_list":{"0":"post-123276","1":"post","2":"type-post","3":"status-publish","4":"format-standard","5":"has-post-thumbnail","7":"category-celebridades","8":"tag-celebridades","9":"tag-celebrities","10":"tag-entertainment","11":"tag-entretenimento","12":"tag-hard-news","13":"tag-portugal","14":"tag-pt","15":"tag-radar"},"share_on_mastodon":{"url":"https:\/\/pubeurope.com\/@pt\/115424243695558678","error":""},"_links":{"self":[{"href":"https:\/\/www.europesays.com\/pt\/wp-json\/wp\/v2\/posts\/123276","targetHints":{"allow":["GET"]}}],"collection":[{"href":"https:\/\/www.europesays.com\/pt\/wp-json\/wp\/v2\/posts"}],"about":[{"href":"https:\/\/www.europesays.com\/pt\/wp-json\/wp\/v2\/types\/post"}],"author":[{"embeddable":true,"href":"https:\/\/www.europesays.com\/pt\/wp-json\/wp\/v2\/users\/2"}],"replies":[{"embeddable":true,"href":"https:\/\/www.europesays.com\/pt\/wp-json\/wp\/v2\/comments?post=123276"}],"version-history":[{"count":0,"href":"https:\/\/www.europesays.com\/pt\/wp-json\/wp\/v2\/posts\/123276\/revisions"}],"wp:featuredmedia":[{"embeddable":true,"href":"https:\/\/www.europesays.com\/pt\/wp-json\/wp\/v2\/media\/123277"}],"wp:attachment":[{"href":"https:\/\/www.europesays.com\/pt\/wp-json\/wp\/v2\/media?parent=123276"}],"wp:term":[{"taxonomy":"category","embeddable":true,"href":"https:\/\/www.europesays.com\/pt\/wp-json\/wp\/v2\/categories?post=123276"},{"taxonomy":"post_tag","embeddable":true,"href":"https:\/\/www.europesays.com\/pt\/wp-json\/wp\/v2\/tags?post=123276"}],"curies":[{"name":"wp","href":"https:\/\/api.w.org\/{rel}","templated":true}]}}