{"id":123278,"date":"2025-10-23T15:43:29","date_gmt":"2025-10-23T15:43:29","guid":{"rendered":"https:\/\/www.europesays.com\/pt\/123278\/"},"modified":"2025-10-23T15:43:29","modified_gmt":"2025-10-23T15:43:29","slug":"joseval-peixoto-icone-do-radio-lanca-livro-de-memorias-em-novembro","status":"publish","type":"post","link":"https:\/\/www.europesays.com\/pt\/123278\/","title":{"rendered":"Joseval Peixoto, \u00edcone do r\u00e1dio, lan\u00e7a livro de mem\u00f3rias em novembro"},"content":{"rendered":"<p>Por 52 anos na Jovem Pan, ele marcou \u00e9poca na narra\u00e7\u00e3o esportiva e na apresenta\u00e7\u00e3o do Jornal da Manh\u00e3<\/p>\n<p>                    Reprodu\u00e7\u00e3o\/Editora 45<\/p>\n<p>                                            <img decoding=\"async\" class=\"img-responsive type:primaryImage\" src=\"https:\/\/www.europesays.com\/pt\/wp-content\/uploads\/2025\/10\/joseval-714x450.png\" alt=\"Capa do livro O livro \u201cA lenda Joseval Peixoto: voz, mem\u00f3rias e versos de uma vida ao vivo\u201d\" id=\"zoom-img\"\/><br \/>\n                                        Capa do livro O livro \u201cA lenda Joseval Peixoto: voz, mem\u00f3rias e versos de uma vida ao vivo\u201d<\/p>\n<p>A palavra \u201clenda\u201d resume bem o que representa <a href=\"https:\/\/jovempan.com.br\/tag\/joseval-peixoto\" rel=\"nofollow noopener\" target=\"_blank\"><strong>Joseval Peixoto<\/strong><\/a>, dono de uma voz inconfund\u00edvel para quem ouviu a <strong>Jovem Pan<\/strong> nas \u00faltimas d\u00e9cadas. Finalmente, um dos nomes mais importantes da hist\u00f3ria do <a href=\"https:\/\/jovempan.com.br\/tag\/radio\" rel=\"nofollow noopener\" target=\"_blank\"><strong>r\u00e1dio<\/strong><\/a> e do Direito agora ter\u00e1 a homenagem que merece. O livro \u201cA lenda Joseval Peixoto: voz, mem\u00f3rias e versos de uma vida ao vivo\u201d (Editora 45 e Fons Sapientiae) j\u00e1 est\u00e1 em pr\u00e9-venda nas principais lojas on-line. O lan\u00e7amento ser\u00e1 no dia 12 de novembro, a partir das 18h, na Livraria Drummond, do Conjunto Nacional (Avenida Paulista, 2073). Em depoimento a Patrick Santos e Patr\u00edcia Castellon, Joseval conta detalhes de uma vida emblem\u00e1tica e marcante.\u00a0<\/p>\n<p>Ainda nos tempos de narrador esportivo, Joseval emocionou a torcida ao dar voz, por exemplo, ao mil\u00e9simo gol de <a href=\"https:\/\/jovempan.com.br\/tag\/pele\" rel=\"nofollow noopener\" target=\"_blank\"><strong>Pel\u00e9<\/strong><\/a>, marcado em novembro de 1969, no Maracan\u00e3, e ao tricampeonato mundial da <a href=\"https:\/\/jovempan.com.br\/tag\/selecao-brasileira\" rel=\"nofollow noopener\" target=\"_blank\"><strong>sele\u00e7\u00e3o brasileira<\/strong><\/a>, em 1970, no M\u00e9xico. Ningu\u00e9m narrou com tanta emo\u00e7\u00e3o, poesia e serenidade como Joseval Peixoto. Al\u00e9m disso, ele sempre foi um leitor \u00e1vido, uma mente brilhante e um advogado \u00edmpar.\u00a0<\/p>\n<p>Ao \u201cpendurar as chuteiras\u201d como narrador, Joseval, nascido em 1938, teve uma longa jornada diante dos microfones na apresenta\u00e7\u00e3o do <strong>Jornal da Manh\u00e3<\/strong>. Eu tive a honra de estar ao seu lado por mais de dois anos, entre 2016 e 2018, quando ele deixou a <strong>Jovem Pan<\/strong>, depois de \u201csimplesmente\u201d 52 anos falando no microfone mais potente do r\u00e1dio brasileiro.\u00a0<\/p>\n<p>                    <img decoding=\"async\" id=\"cta-image\" editable=\"true\" name=\"Imagem:\" src=\"https:\/\/www.europesays.com\/pt\/wp-content\/uploads\/2025\/07\/640_JPEsportes.jpg\" alt=\"cta_logo_jp\"\/><\/p>\n<p>\n                    Siga o canal da Jovem Pan Esportes e receba as principais not\u00edcias no seu WhatsApp!\n                <\/p>\n<p>Como diz o texto preparado para o lan\u00e7amento, \u201co livro n\u00e3o \u00e9 uma biografia, mas um convite \u00edntimo \u00e0s mem\u00f3rias de Joseval Peixoto, um dos grandes nomes do jornalismo e do Direito no Brasil. Um mosaico afetivo da vida de um homem que soube unir coragem, simplicidade e paix\u00e3o\u201d. <\/p>\n<p>N\u00e3o poderia encerrar a minha coluna de hoje, sem colocar aqui a narra\u00e7\u00e3o \u00e9pica e ic\u00f4nica do gol mil de Pel\u00e9, quando um Rei se emocionou ao falar de outro Rei.<\/p>\n<p><strong>*Esse texto n\u00e3o reflete, necessariamente, a opini\u00e3o da Jovem Pan.<\/strong><\/p>\n","protected":false},"excerpt":{"rendered":"Por 52 anos na Jovem Pan, ele marcou \u00e9poca na narra\u00e7\u00e3o esportiva e na apresenta\u00e7\u00e3o do Jornal da&hellip;\n","protected":false},"author":2,"featured_media":123279,"comment_status":"","ping_status":"","sticky":false,"template":"","format":"standard","meta":{"footnotes":""},"categories":[143],"tags":[169,114,115,170,32,33],"class_list":{"0":"post-123278","1":"post","2":"type-post","3":"status-publish","4":"format-standard","5":"has-post-thumbnail","7":"category-livros","8":"tag-books","9":"tag-entertainment","10":"tag-entretenimento","11":"tag-livros","12":"tag-portugal","13":"tag-pt"},"share_on_mastodon":{"url":"https:\/\/pubeurope.com\/@pt\/115424251887812591","error":""},"_links":{"self":[{"href":"https:\/\/www.europesays.com\/pt\/wp-json\/wp\/v2\/posts\/123278","targetHints":{"allow":["GET"]}}],"collection":[{"href":"https:\/\/www.europesays.com\/pt\/wp-json\/wp\/v2\/posts"}],"about":[{"href":"https:\/\/www.europesays.com\/pt\/wp-json\/wp\/v2\/types\/post"}],"author":[{"embeddable":true,"href":"https:\/\/www.europesays.com\/pt\/wp-json\/wp\/v2\/users\/2"}],"replies":[{"embeddable":true,"href":"https:\/\/www.europesays.com\/pt\/wp-json\/wp\/v2\/comments?post=123278"}],"version-history":[{"count":0,"href":"https:\/\/www.europesays.com\/pt\/wp-json\/wp\/v2\/posts\/123278\/revisions"}],"wp:featuredmedia":[{"embeddable":true,"href":"https:\/\/www.europesays.com\/pt\/wp-json\/wp\/v2\/media\/123279"}],"wp:attachment":[{"href":"https:\/\/www.europesays.com\/pt\/wp-json\/wp\/v2\/media?parent=123278"}],"wp:term":[{"taxonomy":"category","embeddable":true,"href":"https:\/\/www.europesays.com\/pt\/wp-json\/wp\/v2\/categories?post=123278"},{"taxonomy":"post_tag","embeddable":true,"href":"https:\/\/www.europesays.com\/pt\/wp-json\/wp\/v2\/tags?post=123278"}],"curies":[{"name":"wp","href":"https:\/\/api.w.org\/{rel}","templated":true}]}}