{"id":123284,"date":"2025-10-23T15:48:13","date_gmt":"2025-10-23T15:48:13","guid":{"rendered":"https:\/\/www.europesays.com\/pt\/123284\/"},"modified":"2025-10-23T15:48:13","modified_gmt":"2025-10-23T15:48:13","slug":"documentario-revela-esforco-heroico-para-vacinar-criancas-em-gaza","status":"publish","type":"post","link":"https:\/\/www.europesays.com\/pt\/123284\/","title":{"rendered":"Document\u00e1rio revela esfor\u00e7o heroico para vacinar crian\u00e7as em Gaza"},"content":{"rendered":"<p>\u201cGaza\u2019s Silent Threat\u201d (a amea\u00e7a silenciosa de Gaza) mostra trabalhadores humanit\u00e1rios correndo contra o tempo para vacinar as crian\u00e7as de Gaza e conter um surto de poliomielite. Destrui\u00e7\u00e3o no enclave palestino favorece o ressurgimento de doen\u00e7as. Cortes de fundos dificultam campanhas de vacina\u00e7\u00e3o em pa\u00edses vulner\u00e1veis<\/p>\n<p><b>Ricardo Balsani &#8211; Vatican News<\/b><\/p>\n<p>Entre a trag\u00e9dia ostensiva de bombas e ru\u00ednas na Faixa de Gaza, esconde-se tamb\u00e9m uma amea\u00e7a silenciosa, invis\u00edvel. Com a destrui\u00e7\u00e3o de cerca de 80% da infraestrutura sanit\u00e1ria do enclave pelo ex\u00e9rcito de Israel, foi criado o ambiente ideal para o ressurgimento de v\u00edrus e bact\u00e9rias que h\u00e1 muito n\u00e3o amea\u00e7avam a regi\u00e3o. Entre eles est\u00e1 o v\u00edrus causador da poliomielite, doen\u00e7a que n\u00e3o era registrada em Gaza h\u00e1 mais de 25 anos.<\/p>\n<p>Atualmente os \u00fanicos pa\u00edses onde a p\u00f3lio circula e \u00e9 considerada end\u00eamica s\u00e3o o Paquist\u00e3o e o Afeganist\u00e3o. Devido \u00e0 gravidade da doen\u00e7a, que al\u00e9m da morte pode causar paralisia entre os sobreviventes, h\u00e1 d\u00e9cadas campanhas globais tentam erradicar completamente o v\u00edrus. N\u00e3o por acaso, o surto ocorrido em Gaza no final de 2024 gerou uma rea\u00e7\u00e3o r\u00e1pida do fundo das Na\u00e7\u00f5es Unidas para a inf\u00e2ncia (Unicef), da Organiza\u00e7\u00e3o Mundial da Sa\u00fade (OMS) e de outras institui\u00e7\u00f5es, que conduziram uma campanha de vacina\u00e7\u00e3o em condi\u00e7\u00f5es heroicas para imunizar as crian\u00e7as do enclave palestino.<\/p>\n<p>Essa hist\u00f3ria \u00e9 contada no document\u00e1rio \u201cGaza\u2019s Silent Threat\u201d (a amea\u00e7a silenciosa de Gaza), que mostra como foi poss\u00edvel vacinar 600 mil crian\u00e7as em meio a ataques a\u00e9reos e \u00e0 destrui\u00e7\u00e3o causada pela guerra. \u00a0O filme \u00e9 um testemunho da entrega dos operadores humanit\u00e1rios, entre eles o doutor Younis Awadallah, que abriu m\u00e3o da aposentadoria para coordenar a campanha. Os desafios foram muitos, como refrigerar as vacinas sem um fornecimento regular de eletricidade ou alcan\u00e7ar as crian\u00e7as em campos de refugiados, mas a vacina\u00e7\u00e3o conseguiu afastar o risco de uma epidemia de poliomielite.<\/p>\n<p>    <img decoding=\"async\" src=\"data:image\/gif;base64,R0lGODlhAQABAIAAAAAAAP\/\/\/yH5BAEAAAAALAAAAAABAAEAAAIBRAA7\" data-original=\"https:\/\/www.vaticannews.va\/content\/dam\/vaticannews\/agenzie\/images\/reuters\/2024\/10\/15\/13\/1728990765874.JPG\/_jcr_content\/renditions\/cq5dam.thumbnail.cropped.750.422.jpeg\" alt=\"Crian\u00e7a recebe vacina durante campanha no centro da Faixa de Gaza.\" title=\"Crian\u00e7a recebe vacina durante campanha no centro da Faixa de Gaza.\"\/><\/p>\n<p>\n   Crian\u00e7a recebe vacina durante campanha no centro da Faixa de Gaza. \u00a0 (REUTERS)\n  <\/p>\n<p>Campanhas de vacina\u00e7\u00e3o enfraquecidas <\/p>\n<p>\u201cGaza\u2019s Silent Threat\u201d \u00e9 tamb\u00e9m uma den\u00fancia dos impactos da guerra sobre a sa\u00fade das pessoas mais vulner\u00e1veis, como as crian\u00e7as. Al\u00e9m disso, debater a import\u00e2ncia da vacina\u00e7\u00e3o \u00e9 importante em um momento em que crescem os movimentos que desconfiam dos seus benef\u00edcios. O ministro da sa\u00fade nos Estados Unidos \u00e9 conhecido pelas posi\u00e7\u00f5es contr\u00e1rias \u00e0s vacinas, que v\u00eam sendo adotadas tamb\u00e9m por correntes pol\u00edticas de outros pa\u00edses.<\/p>\n<p>O corte de fundos para a ajuda humanit\u00e1ria, mais uma tend\u00eancia encabe\u00e7ada pelos Estados Unidos, \u00e9 outra amea\u00e7a aos esfor\u00e7os globais de vacina\u00e7\u00e3o. Nessa ter\u00e7a-feira (21\/10) foi anunciado um corte de 30% no or\u00e7amento da Iniciativa Global de Erradica\u00e7\u00e3o da p\u00f3lio, projeto encabe\u00e7ado pela OMS. Al\u00e9m do gigante norte-americano, outros pa\u00edses ricos, como a Alemanha e o Reino Unido, tamb\u00e9m diminu\u00edram seus repasses para a OMS. Especialistas em doen\u00e7as infecciosas alertam que seria tolice diminuir os esfor\u00e7os para a erradica\u00e7\u00e3o da p\u00f3lio no momento atual, em que o n\u00famero de casos no mundo cai e essa meta parece mais poss\u00edvel do que nunca.\u00a0<\/p>\n","protected":false},"excerpt":{"rendered":"\u201cGaza\u2019s Silent Threat\u201d (a amea\u00e7a silenciosa de Gaza) mostra trabalhadores humanit\u00e1rios correndo contra o tempo para vacinar as&hellip;\n","protected":false},"author":2,"featured_media":123285,"comment_status":"","ping_status":"","sticky":false,"template":"","format":"standard","meta":{"footnotes":""},"categories":[86],"tags":[838,28485,116,6545,431,32,33,117,25520],"class_list":{"0":"post-123284","1":"post","2":"type-post","3":"status-publish","4":"format-standard","5":"has-post-thumbnail","7":"category-saude","8":"tag-criancas","9":"tag-emergencia-humanitaria","10":"tag-health","11":"tag-medicina-e-saude","12":"tag-palestina","13":"tag-portugal","14":"tag-pt","15":"tag-saude","16":"tag-unicef"},"share_on_mastodon":{"url":"https:\/\/pubeurope.com\/@pt\/115424271028158294","error":""},"_links":{"self":[{"href":"https:\/\/www.europesays.com\/pt\/wp-json\/wp\/v2\/posts\/123284","targetHints":{"allow":["GET"]}}],"collection":[{"href":"https:\/\/www.europesays.com\/pt\/wp-json\/wp\/v2\/posts"}],"about":[{"href":"https:\/\/www.europesays.com\/pt\/wp-json\/wp\/v2\/types\/post"}],"author":[{"embeddable":true,"href":"https:\/\/www.europesays.com\/pt\/wp-json\/wp\/v2\/users\/2"}],"replies":[{"embeddable":true,"href":"https:\/\/www.europesays.com\/pt\/wp-json\/wp\/v2\/comments?post=123284"}],"version-history":[{"count":0,"href":"https:\/\/www.europesays.com\/pt\/wp-json\/wp\/v2\/posts\/123284\/revisions"}],"wp:featuredmedia":[{"embeddable":true,"href":"https:\/\/www.europesays.com\/pt\/wp-json\/wp\/v2\/media\/123285"}],"wp:attachment":[{"href":"https:\/\/www.europesays.com\/pt\/wp-json\/wp\/v2\/media?parent=123284"}],"wp:term":[{"taxonomy":"category","embeddable":true,"href":"https:\/\/www.europesays.com\/pt\/wp-json\/wp\/v2\/categories?post=123284"},{"taxonomy":"post_tag","embeddable":true,"href":"https:\/\/www.europesays.com\/pt\/wp-json\/wp\/v2\/tags?post=123284"}],"curies":[{"name":"wp","href":"https:\/\/api.w.org\/{rel}","templated":true}]}}