{"id":123304,"date":"2025-10-23T16:07:07","date_gmt":"2025-10-23T16:07:07","guid":{"rendered":"https:\/\/www.europesays.com\/pt\/123304\/"},"modified":"2025-10-23T16:07:07","modified_gmt":"2025-10-23T16:07:07","slug":"as-imagens-do-ultimo-adeus-a-pinto-balsemao-observador","status":"publish","type":"post","link":"https:\/\/www.europesays.com\/pt\/123304\/","title":{"rendered":"As imagens do \u00faltimo adeus a Pinto Balsem\u00e3o \u2013 Observador"},"content":{"rendered":"<p>Acompanhe o <a href=\"https:\/\/observador.pt\/liveblogs\/morreu-francisco-pinto-balsemao-militante-numero-um-do-psd-as-reacoes-a-morte-do-tambem-fundador-do-expresso\/\" rel=\"nofollow noopener\" target=\"_blank\">nosso artigo em direto sobre a morte de Pinto Balsem\u00e3o<\/a><\/p>\n<p>Com honras militares, a missa de corpo presente liderada pelo cardeal Manuel Clemente foi a \u00faltima cerim\u00f3nia f\u00fanebre p\u00fablica de Francisco Pinto Balsem\u00e3o. O funeral e enterro s\u00e3o reservados \u00e0 fam\u00edlia, em Cascais.<\/p>\n<p>Pouco antes das 13h00, foram muitas as pessoas a deslocar-se ao Mosteiro dos Jer\u00f3nimos para o \u00faltimo adeus ao fundador do PSD. O antigo Presidente da Rep\u00fablica An\u00edbal Cavaco Silva surgiu ao lado da mulher, Maria Cavaco Silva. J\u00e1 Ant\u00f3nio Ramalho Eanes n\u00e3o marcou presen\u00e7a \u2014 tinha estado na quarta-feira no vel\u00f3rio \u2014 mas fez-se representar pela mulher, Manuela Eanes. J\u00e1 o atual Presidente da Rep\u00fablica chegou ao lado de Lu\u00eds Montenegro \u00e0 cerim\u00f3nia em que <a href=\"https:\/\/observador.pt\/liveblogs\/morreu-francisco-pinto-balsemao-militante-numero-um-do-psd-as-reacoes-a-morte-do-tambem-fundador-do-expresso\/\" rel=\"nofollow noopener\" target=\"_blank\">Marcelo Rebelo de Sousa discursou.<\/a><\/p>\n<p>Muitos rostos da SIC tamb\u00e9m n\u00e3o faltaram \u00e0 despedida do fundador da SIC e do Expresso. Os jornalistas Rodrigo Guedes de Carvalho e Nuno Luz e a apresentadora F\u00e1tima Lopes, bem como o diretor de programas da SIC, Daniel Oliveira, estiveram na cerim\u00f3nia.<\/p>\n<p>                    <strong>Tem um minuto?<\/strong><br \/>O Observador est\u00e1 a realizar junto dos seus leitores um curto estudo de apenas quatro perguntas. <a href=\"https:\/\/observador.typeform.com\/to\/DnJJ0FZQ\" target=\"_blank\" style=\"text-decoration: underline; color:#262626;\" rel=\"nofollow noopener\">Responda aqui<\/a>.<\/p>\n","protected":false},"excerpt":{"rendered":"Acompanhe o nosso artigo em direto sobre a morte de Pinto Balsem\u00e3o Com honras militares, a missa de&hellip;\n","protected":false},"author":2,"featured_media":123305,"comment_status":"","ping_status":"","sticky":false,"template":"","format":"standard","meta":{"footnotes":""},"categories":[10],"tags":[27,28,15,16,14,25,26,21,22,715,12,13,19,20,302,32,23,24,4579,33,1751,58,2671,17,18,2303,29,30,31],"class_list":{"0":"post-123304","1":"post","2":"type-post","3":"status-publish","4":"format-standard","5":"has-post-thumbnail","7":"category-portugal","8":"tag-breaking-news","9":"tag-breakingnews","10":"tag-featured-news","11":"tag-featurednews","12":"tag-headlines","13":"tag-latest-news","14":"tag-latestnews","15":"tag-main-news","16":"tag-mainnews","17":"tag-media","18":"tag-news","19":"tag-noticias","20":"tag-noticias-principais","21":"tag-noticiasprincipais","22":"tag-polu00edtica","23":"tag-portugal","24":"tag-principais-noticias","25":"tag-principaisnoticias","26":"tag-psd","27":"tag-pt","28":"tag-sic","29":"tag-sociedade","30":"tag-televisu00e3o","31":"tag-top-stories","32":"tag-topstories","33":"tag-u00d3bito","34":"tag-ultimas","35":"tag-ultimas-noticias","36":"tag-ultimasnoticias"},"share_on_mastodon":{"url":"https:\/\/pubeurope.com\/@pt\/115424345758938945","error":""},"_links":{"self":[{"href":"https:\/\/www.europesays.com\/pt\/wp-json\/wp\/v2\/posts\/123304","targetHints":{"allow":["GET"]}}],"collection":[{"href":"https:\/\/www.europesays.com\/pt\/wp-json\/wp\/v2\/posts"}],"about":[{"href":"https:\/\/www.europesays.com\/pt\/wp-json\/wp\/v2\/types\/post"}],"author":[{"embeddable":true,"href":"https:\/\/www.europesays.com\/pt\/wp-json\/wp\/v2\/users\/2"}],"replies":[{"embeddable":true,"href":"https:\/\/www.europesays.com\/pt\/wp-json\/wp\/v2\/comments?post=123304"}],"version-history":[{"count":0,"href":"https:\/\/www.europesays.com\/pt\/wp-json\/wp\/v2\/posts\/123304\/revisions"}],"wp:featuredmedia":[{"embeddable":true,"href":"https:\/\/www.europesays.com\/pt\/wp-json\/wp\/v2\/media\/123305"}],"wp:attachment":[{"href":"https:\/\/www.europesays.com\/pt\/wp-json\/wp\/v2\/media?parent=123304"}],"wp:term":[{"taxonomy":"category","embeddable":true,"href":"https:\/\/www.europesays.com\/pt\/wp-json\/wp\/v2\/categories?post=123304"},{"taxonomy":"post_tag","embeddable":true,"href":"https:\/\/www.europesays.com\/pt\/wp-json\/wp\/v2\/tags?post=123304"}],"curies":[{"name":"wp","href":"https:\/\/api.w.org\/{rel}","templated":true}]}}