{"id":123325,"date":"2025-10-23T16:26:30","date_gmt":"2025-10-23T16:26:30","guid":{"rendered":"https:\/\/www.europesays.com\/pt\/123325\/"},"modified":"2025-10-23T16:26:30","modified_gmt":"2025-10-23T16:26:30","slug":"menos-birras-por-favor-chega-nao-cede-na-perda-de-nacionalidade-por-crimes-graves","status":"publish","type":"post","link":"https:\/\/www.europesays.com\/pt\/123325\/","title":{"rendered":"&#8220;Menos birras por favor&#8221;. Chega n\u00e3o cede na perda de nacionalidade por crimes graves"},"content":{"rendered":"<p class=\"wp-caption-text top\">Ant\u00f3nio Cotrim \/ Lusa<\/p>\n<p><img decoding=\"async\" loading=\"lazy\" class=\"wp-image-681969 size-kopa-image-size-3\" src=\"https:\/\/www.europesays.com\/pt\/wp-content\/uploads\/2025\/10\/8380ec5693f79379d0b443bd503a0800-783x450.jpg\" alt=\"\" width=\"700\" height=\"402\"\/><\/p>\n<p class=\"wp-caption-text bot\">O presidente do Chega, Andr\u00e9 Ventura (E), conversa com o deputado do Partido Social Democrata (PSD), Hugo Soares<\/p>\n<p><strong>Terrorismo e viola\u00e7\u00e3o s\u00e3o linhas vermelhas para Andr\u00e9 Ventura. E h\u00e1 ainda outro \u201cponto inultrapass\u00e1vel\u201d em que os dois partidos divergem.<\/strong><\/p>\n<p>O l\u00edder parlamentar do PSD Hugo Soares pediu esta quarta-feira maturidade em vez de birras e maior responsabilidade pol\u00edtica, depois de o presidente do Chega ter colocado \u201clinhas vermelhas\u201d para aceitar um acordo na revis\u00e3o da lei da nacionalidade.<\/p>\n<p><strong>\u201cEspero que n\u00e3o haja mais birras e que haja a maturidade<\/strong> democr\u00e1tica para que esta lei possa ver a luz do dia\u201d. disse Hugo Soares, no parlamento, sem comentar diretamente as exig\u00eancias de Venturam imediatamente a seguir a uma confer\u00eancia de imprensa do l\u00edder do Chega durante a qual amea\u00e7ou romper caso PSD e CDS n\u00e3o cedam a algumas destas exig\u00eancias.<\/p>\n<p>Soares foi ainda mais longe. \u201cNo PSD, n\u00e3o trazemos para a pra\u00e7a p\u00fablica as negocia\u00e7\u00f5es que est\u00e3o em curso entre os grupos parlamentares\u201d para a revis\u00e3o da lei da nacionalidade, atirou.<\/p>\n<p>Entre outros pontos, o l\u00edder do Chega frisou que a inclus\u00e3o de uma norma que preveja a <strong>perda de nacionalidade para quem cometer crimes graves<\/strong>, como o de terrorismo, \u00e9 uma<strong> linha vermelha<\/strong> para aprovar a revis\u00e3o da lei da nacionalidade.<\/p>\n<p>\u201cN\u00e3o sei se vamos chegar a algum consenso ou n\u00e3o, n\u00e3o sei se vai chegar a algum entendimento ou n\u00e3o, h\u00e1 uma coisa que para n\u00f3s \u00e9 clara, e queria deix\u00e1-lo claro tamb\u00e9m ao Governo. <strong>Se a nacionalidade portuguesa n\u00e3o for perdida por quem comete crimes de terrorismo e viola\u00e7\u00e3o, n\u00f3s estamos fora<\/strong> deste cen\u00e1rio\u201d, afirmou.<\/p>\n<p>\u201cEsta \u00e9 verdadeiramente uma linha vermelha, que quem comete crimes em Portugal ap\u00f3s obter a nacionalidade portuguesa, crimes graves, crimes contra o Estado, crimes contra os portugueses, n\u00e3o pode continuar a ser portugu\u00eas\u201d, defendeu Ventura.<\/p>\n<p>Esta \u00e9, diz Ventura, \u201c\u00e9 uma quest\u00e3o que pode suscitar quest\u00f5es de constitucionalidade\u201d, mas assinalou que a <a href=\"https:\/\/zap.aeiou.pt\/burca-proibida-parlamento-706688\" data-wpel-link=\"internal\" rel=\"nofollow noopener\" target=\"_blank\">proibi\u00e7\u00e3o<\/a> do uso de burca em espa\u00e7os p\u00fablicos \u201ctamb\u00e9m pode e o PSD votou a favor\u201d.<\/p>\n<p>Andr\u00e9 Ventura disse que outro \u201cponto inultrapass\u00e1vel\u201d \u00e9 quem pede a nacionalidade portuguesa n\u00e3o esteja \u201cdependente de apoios da Seguran\u00e7a Social de qualquer tipo\u201d quando faz o pedido. O Chega quer tamb\u00e9m que quem obteve a nacionalidade portuguesa \u201cde forma fraudulenta\u201d n\u00e3o a possa recuperar e admitiu que esta \u00e9 <strong>outra \u201cdiverg\u00eancia\u201d<\/strong> com o Governo e o PSD, que \u201centendem que, ao fim de um tempo, pode estar sanada essa irregularidade\u201d.<\/p>\n<p class=\"\">Ventura adiantou que j\u00e1 houve \u201cuma aproxima\u00e7\u00e3o\u201d no que toca aos crit\u00e9rios para pedir a nacionalidade, ficando impedidos aqueles que tenham sido condenados a penas superiores a quatro anos.<\/p>\n<p>    <a href=\"https:\/\/zap.aeiou.pt\/subscrever-newsletter\" data-wpel-link=\"internal\" rel=\"nofollow noopener\" target=\"_blank\">&#13;<br \/>\n        <img loading=\"lazy\" decoding=\"async\" class=\"aligncenter size-full wp-image-575475\" src=\"https:\/\/www.europesays.com\/pt\/wp-content\/uploads\/2025\/10\/1759862234_971_2d51fe4a0ba54894421ead1809309ed9-1-450x140.jpg\" alt=\"Subscreva a Newsletter ZAP\" width=\"450\" height=\"140\"\/>&#13;<br \/>\n    <\/a><\/p>\n<p>                <a href=\"https:\/\/whatsapp.com\/channel\/0029VaIC4EE2f3EJZPPSbR34\" data-wpel-link=\"external\" target=\"_blank\" rel=\"nofollow external noopener noreferrer\" class=\"ext-link\">&#13;<br \/>\n                    <img loading=\"lazy\" decoding=\"async\" class=\"aligncenter size-full wp-image-575475\" src=\"https:\/\/www.europesays.com\/pt\/wp-content\/uploads\/2025\/10\/1759862234_512_c68c559d956d4ca20f435ed74a6e71e6.png\" alt=\"Siga-nos no WhatsApp\" width=\"175\" height=\"64\"\/>&#13;<br \/>\n                <\/a><\/p>\n<p>                <a href=\"https:\/\/news.google.com\/publications\/CAAiEHRwZondIV71PDjWNoqMduEqFAgKIhB0cGaJ3SFe9Tw41jaKjHbh?hl=en-US&amp;gl=US&amp;ceid=US%3Aen\" data-wpel-link=\"external\" target=\"_blank\" rel=\"nofollow external noopener noreferrer\" class=\"ext-link\">&#13;<br \/>\n                    <img loading=\"lazy\" decoding=\"async\" class=\"aligncenter size-full wp-image-575475\" src=\"https:\/\/www.europesays.com\/pt\/wp-content\/uploads\/2025\/10\/1759862235_242_5123dd8b087b644fdb8f8603acd1bad4.png\" alt=\"Siga-nos no Google News\" width=\"176\" height=\"64\"\/>&#13;<br \/>\n                <\/a><\/p>\n","protected":false},"excerpt":{"rendered":"Ant\u00f3nio Cotrim \/ Lusa O presidente do Chega, Andr\u00e9 Ventura (E), conversa com o deputado do Partido Social&hellip;\n","protected":false},"author":2,"featured_media":123326,"comment_status":"","ping_status":"","sticky":false,"template":"","format":"standard","meta":{"footnotes":""},"categories":[10],"tags":[3386,27,28,1736,1561,604,15,16,14,1481,603,25,26,21,22,12,13,19,20,4532,52,32,23,24,4579,33,8270,17,18,29,30,31,8102],"class_list":{"0":"post-123325","1":"post","2":"type-post","3":"status-publish","4":"format-standard","5":"has-post-thumbnail","7":"category-portugal","8":"tag-andre-ventura","9":"tag-breaking-news","10":"tag-breakingnews","11":"tag-chega","12":"tag-cidadania","13":"tag-crime","14":"tag-featured-news","15":"tag-featurednews","16":"tag-headlines","17":"tag-imigracao","18":"tag-justica","19":"tag-latest-news","20":"tag-latestnews","21":"tag-main-news","22":"tag-mainnews","23":"tag-news","24":"tag-noticias","25":"tag-noticias-principais","26":"tag-noticiasprincipais","27":"tag-parlamento","28":"tag-politica","29":"tag-portugal","30":"tag-principais-noticias","31":"tag-principaisnoticias","32":"tag-psd","33":"tag-pt","34":"tag-terrorismo","35":"tag-top-stories","36":"tag-topstories","37":"tag-ultimas","38":"tag-ultimas-noticias","39":"tag-ultimasnoticias","40":"tag-violacao"},"share_on_mastodon":{"url":"","error":"Validation failed: Text character limit of 500 exceeded"},"_links":{"self":[{"href":"https:\/\/www.europesays.com\/pt\/wp-json\/wp\/v2\/posts\/123325","targetHints":{"allow":["GET"]}}],"collection":[{"href":"https:\/\/www.europesays.com\/pt\/wp-json\/wp\/v2\/posts"}],"about":[{"href":"https:\/\/www.europesays.com\/pt\/wp-json\/wp\/v2\/types\/post"}],"author":[{"embeddable":true,"href":"https:\/\/www.europesays.com\/pt\/wp-json\/wp\/v2\/users\/2"}],"replies":[{"embeddable":true,"href":"https:\/\/www.europesays.com\/pt\/wp-json\/wp\/v2\/comments?post=123325"}],"version-history":[{"count":0,"href":"https:\/\/www.europesays.com\/pt\/wp-json\/wp\/v2\/posts\/123325\/revisions"}],"wp:featuredmedia":[{"embeddable":true,"href":"https:\/\/www.europesays.com\/pt\/wp-json\/wp\/v2\/media\/123326"}],"wp:attachment":[{"href":"https:\/\/www.europesays.com\/pt\/wp-json\/wp\/v2\/media?parent=123325"}],"wp:term":[{"taxonomy":"category","embeddable":true,"href":"https:\/\/www.europesays.com\/pt\/wp-json\/wp\/v2\/categories?post=123325"},{"taxonomy":"post_tag","embeddable":true,"href":"https:\/\/www.europesays.com\/pt\/wp-json\/wp\/v2\/tags?post=123325"}],"curies":[{"name":"wp","href":"https:\/\/api.w.org\/{rel}","templated":true}]}}