{"id":123327,"date":"2025-10-23T16:27:41","date_gmt":"2025-10-23T16:27:41","guid":{"rendered":"https:\/\/www.europesays.com\/pt\/123327\/"},"modified":"2025-10-23T16:27:41","modified_gmt":"2025-10-23T16:27:41","slug":"f-c-porto-goleia-na-youth-league-e-tem-apuramento-a-vista","status":"publish","type":"post","link":"https:\/\/www.europesays.com\/pt\/123327\/","title":{"rendered":"F. C. Porto goleia na Youth League e tem apuramento \u00e0 vista"},"content":{"rendered":"<p data-remotead-prev-elm=\"true\" data-remotead-elm-id=\"inread\">O F. C. Porto ganhou esta quarta-feira na visita aos eslovenos do NK Bravo, em Ljubljana (0-4), na segunda eliminat\u00f3ria do caminho dos campe\u00f5es nacionais da Youth League, a Liga dos Campe\u00f5es do escal\u00e3o de sub-19.<\/p>\n<p>Os drag\u00f5es resolveram cedo a partida e ao intervalo j\u00e1 venciam por 3-0, com golos de Bernardo Lima, Andr\u00e9 Miranda e Guilherme Carvalho. Na segunda parte, Bernardo Lima bisou e estabeleceu o resultado final.<\/p>\n<p>A segunda m\u00e3o da eliminat\u00f3ria est\u00e1 marcada o dia 5 de novembro, em Vila Nova de Gaia. Caso confirme o apuramento, a equipa portista defrontar\u00e1 na ronda seguinte o Basileia ou o B\u00e9tis.<\/p>\n","protected":false},"excerpt":{"rendered":"O F. C. Porto ganhou esta quarta-feira na visita aos eslovenos do NK Bravo, em Ljubljana (0-4), na&hellip;\n","protected":false},"author":2,"featured_media":123328,"comment_status":"","ping_status":"","sticky":false,"template":"","format":"standard","meta":{"footnotes":""},"categories":[8],"tags":[27,28,135,20558,15,16,524,14,25,26,21,22,12,13,19,20,32,23,24,33,17,18,29,30,31,23262],"class_list":{"0":"post-123327","1":"post","2":"type-post","3":"status-publish","4":"format-standard","5":"has-post-thumbnail","7":"category-principais-noticias","8":"tag-breaking-news","9":"tag-breakingnews","10":"tag-desporto","11":"tag-f-c-porto","12":"tag-featured-news","13":"tag-featurednews","14":"tag-futebol","15":"tag-headlines","16":"tag-latest-news","17":"tag-latestnews","18":"tag-main-news","19":"tag-mainnews","20":"tag-news","21":"tag-noticias","22":"tag-noticias-principais","23":"tag-noticiasprincipais","24":"tag-portugal","25":"tag-principais-noticias","26":"tag-principaisnoticias","27":"tag-pt","28":"tag-top-stories","29":"tag-topstories","30":"tag-ultimas","31":"tag-ultimas-noticias","32":"tag-ultimasnoticias","33":"tag-youth-league"},"share_on_mastodon":{"url":"https:\/\/pubeurope.com\/@pt\/115424424518771936","error":""},"_links":{"self":[{"href":"https:\/\/www.europesays.com\/pt\/wp-json\/wp\/v2\/posts\/123327","targetHints":{"allow":["GET"]}}],"collection":[{"href":"https:\/\/www.europesays.com\/pt\/wp-json\/wp\/v2\/posts"}],"about":[{"href":"https:\/\/www.europesays.com\/pt\/wp-json\/wp\/v2\/types\/post"}],"author":[{"embeddable":true,"href":"https:\/\/www.europesays.com\/pt\/wp-json\/wp\/v2\/users\/2"}],"replies":[{"embeddable":true,"href":"https:\/\/www.europesays.com\/pt\/wp-json\/wp\/v2\/comments?post=123327"}],"version-history":[{"count":0,"href":"https:\/\/www.europesays.com\/pt\/wp-json\/wp\/v2\/posts\/123327\/revisions"}],"wp:featuredmedia":[{"embeddable":true,"href":"https:\/\/www.europesays.com\/pt\/wp-json\/wp\/v2\/media\/123328"}],"wp:attachment":[{"href":"https:\/\/www.europesays.com\/pt\/wp-json\/wp\/v2\/media?parent=123327"}],"wp:term":[{"taxonomy":"category","embeddable":true,"href":"https:\/\/www.europesays.com\/pt\/wp-json\/wp\/v2\/categories?post=123327"},{"taxonomy":"post_tag","embeddable":true,"href":"https:\/\/www.europesays.com\/pt\/wp-json\/wp\/v2\/tags?post=123327"}],"curies":[{"name":"wp","href":"https:\/\/api.w.org\/{rel}","templated":true}]}}