{"id":123331,"date":"2025-10-23T16:29:08","date_gmt":"2025-10-23T16:29:08","guid":{"rendered":"https:\/\/www.europesays.com\/pt\/123331\/"},"modified":"2025-10-23T16:29:08","modified_gmt":"2025-10-23T16:29:08","slug":"tres-gracas-raul-rejeita-o-filho-e-joelly-toma-decisao-gshow","status":"publish","type":"post","link":"https:\/\/www.europesays.com\/pt\/123331\/","title":{"rendered":"Tr\u00eas Gra\u00e7as: Raul rejeita o filho, e Jo\u00e9lly toma decis\u00e3o &#8211; Gshow"},"content":{"rendered":"<ol>\n<li><a href=\"https:\/\/news.google.com\/rss\/articles\/CBMiwAFBVV95cUxPQkxfbmY4QU56Wi02MnFWMG5KWE9uTTVkc0gzSmFrOGR5UjhNemRlM2V3RE5vSFpEZWV4ck5qUUJncHVfWk5RbzZoLWtBMVc2SHc3WXkyQUY0ZEVyeDI1VXU0aEpZV3JzRUdKZWJabjBnZFNWWThySU5UbXpwOWNGSC03Sjltd0pYWjQ0bXd1NWFreUEwUlBkUVVxWEhBb3VPVV9NdVhjMDhQUzR2NEYtcVhiXy10aEZtTDRnNzFPU0vSAc8BQVVfeXFMTUtIT1hfOEZSX250U0dhNjVVZjNPQzN5UFlYeG1kOVJzdWsxTzlic2ktalF2blVxSzlRR1R6a3VMdURfWndYN2xubEtCc0pwa2JWQi1ZUE1HQWFDNW9FaVRLLTdWY2F4WUc3X25GWFJQdTROaU14bFBYci1nWUJtQ0xIQUt2ek12UnoweEwtTFpzRFdaVDBvdnVSeEUwbzMxV01pRF95U1M2OU5Gb2p0WW1tQWtTQVBkTzloc3JsZUNEOV9scGxCTmlqb1o2d0c0?oc=5\" target=\"_blank\" rel=\"nofollow noopener\">Tr\u00eas Gra\u00e7as: Raul rejeita o filho, e Jo\u00e9lly toma decis\u00e3o<\/a>&nbsp;&nbsp;Gshow<\/li>\n<li><a href=\"https:\/\/news.google.com\/rss\/articles\/CBMiswJBVV95cUxPWkVPUW4zRHhETkQ5cVJ2MGpQUlRXcUpoLUVKRlNha1JicmU1UVBTOEdCbnhBclFQS2hBa09lU0JySVNVaWp1ZlZ1OXdWeFVnY2xLay1DWDNRam1VTnJQTDctZ1JtMkU0UE1kMGhwZnVBa3d6ZF9BQVBabjE2SEp0dXViTmlUbXotdUgzOEt2VDc0LXZBT19rZXp2WHpPQmRjeHh3bFlIOVdOYVdiZVlCQThac2RxMUtnOG9VVEt3YWxaWmhTZmQybFlfWFJkbFc0ZGhFUTEzMGVsQWtsQ19RZVFxR2c3NTdaT05sRUVCUHFuNS1aaUY5YjRCUWlJTGRUWm14RWJaeGZzQk5XbGEtVlFxNnBHbTNybkhlWnM3MDRlN1RNUlRZTmJtOEZvRUhhc2Rn?oc=5\" target=\"_blank\" rel=\"nofollow noopener\">Qual \u00e9 o maior crime do pai de Jo\u00e9lly em &#8216;Tr\u00eas Gra\u00e7as&#8217;? Reencontro com Gerluce termina em barraco e revela\u00e7\u00e3o dolorosa do passado<\/a>&nbsp;&nbsp;Terra<\/li>\n<li><a href=\"https:\/\/news.google.com\/rss\/articles\/CBMinwFBVV95cUxQb19FaFJSbmhRN2Jaa2hSczZKa0JKV0MxUERpQlNxbDVib1ZQb0dLclNNYTVfYzlfdUN5eTk2VWQxOS1Xa3dETFNEbnYxeEJpMnROYi1CVGZlbFJqbHAzVjVQdmFPREF2c0tRcFY1SG84RnROZWw4THJ2bnU3SHkxa1dqaDZTX0dWUUlpakVRUTBmSDFqa2VUUXRGaFlLQm8?oc=5\" target=\"_blank\" rel=\"nofollow noopener\">O segredo doloroso e sombrio que Gerluce esconde em \u2018Tr\u00eas Gra\u00e7as\u2019<\/a>&nbsp;&nbsp;VEJA<\/li>\n<li><a href=\"https:\/\/news.google.com\/rss\/articles\/CBMisgFBVV95cUxOdUtXbWFCMmhycGFyb05xSHFRblp0RFR3TWpQZXhmYUNSbG5lRExYeThCTXlSR3d0WnNlc05TS0I1WTZrU0RaUFpTQS0xYXMzY05ucXJtbGpaSU9BWTJyVnY4ajdsTGJBU3V0R2VQMG5zZXdpajQ5LWNMOUFQUmRkVW4tcUxwTWl6NWQ3cC1NU3VnNElGZzE3c05EQjJ4SFUyUTVOaXdXZ2xYRmVaMHMwd19n?oc=5\" target=\"_blank\" rel=\"nofollow noopener\">Sexta, 24\/10: Resumo alterado do cap\u00edtulo de Tr\u00eas Gra\u00e7as<\/a>&nbsp;&nbsp;O TEMPO<\/li>\n<\/ol>\n","protected":false},"excerpt":{"rendered":"Tr\u00eas Gra\u00e7as: Raul rejeita o filho, e Jo\u00e9lly toma decis\u00e3o&nbsp;&nbsp;Gshow Qual \u00e9 o maior crime do pai de&hellip;\n","protected":false},"author":2,"featured_media":123332,"comment_status":"","ping_status":"","sticky":false,"template":"","format":"standard","meta":{"footnotes":""},"categories":[144],"tags":[207,205,206,203,201,202,204,114,115,32,33],"class_list":{"0":"post-123331","1":"post","2":"type-post","3":"status-publish","4":"format-standard","5":"has-post-thumbnail","7":"category-arte-e-design","8":"tag-arte","9":"tag-arte-e-design","10":"tag-artedesign","11":"tag-arts","12":"tag-arts-and-design","13":"tag-artsanddesign","14":"tag-design","15":"tag-entertainment","16":"tag-entretenimento","17":"tag-portugal","18":"tag-pt"},"share_on_mastodon":{"url":"https:\/\/pubeurope.com\/@pt\/115424432338554220","error":""},"_links":{"self":[{"href":"https:\/\/www.europesays.com\/pt\/wp-json\/wp\/v2\/posts\/123331","targetHints":{"allow":["GET"]}}],"collection":[{"href":"https:\/\/www.europesays.com\/pt\/wp-json\/wp\/v2\/posts"}],"about":[{"href":"https:\/\/www.europesays.com\/pt\/wp-json\/wp\/v2\/types\/post"}],"author":[{"embeddable":true,"href":"https:\/\/www.europesays.com\/pt\/wp-json\/wp\/v2\/users\/2"}],"replies":[{"embeddable":true,"href":"https:\/\/www.europesays.com\/pt\/wp-json\/wp\/v2\/comments?post=123331"}],"version-history":[{"count":0,"href":"https:\/\/www.europesays.com\/pt\/wp-json\/wp\/v2\/posts\/123331\/revisions"}],"wp:featuredmedia":[{"embeddable":true,"href":"https:\/\/www.europesays.com\/pt\/wp-json\/wp\/v2\/media\/123332"}],"wp:attachment":[{"href":"https:\/\/www.europesays.com\/pt\/wp-json\/wp\/v2\/media?parent=123331"}],"wp:term":[{"taxonomy":"category","embeddable":true,"href":"https:\/\/www.europesays.com\/pt\/wp-json\/wp\/v2\/categories?post=123331"},{"taxonomy":"post_tag","embeddable":true,"href":"https:\/\/www.europesays.com\/pt\/wp-json\/wp\/v2\/tags?post=123331"}],"curies":[{"name":"wp","href":"https:\/\/api.w.org\/{rel}","templated":true}]}}