{"id":123353,"date":"2025-10-23T16:42:10","date_gmt":"2025-10-23T16:42:10","guid":{"rendered":"https:\/\/www.europesays.com\/pt\/123353\/"},"modified":"2025-10-23T16:42:10","modified_gmt":"2025-10-23T16:42:10","slug":"afinal-o-que-significa-mesmo-a-expressao-de-dylan-o-chatgpt-tira-todas-as-duvidas-secret-story","status":"publish","type":"post","link":"https:\/\/www.europesays.com\/pt\/123353\/","title":{"rendered":"Afinal, o que significa mesmo a express\u00e3o de Dylan? O \u2018chatGPT\u2019 tira todas as d\u00favidas &#8211; Secret Story"},"content":{"rendered":"<p>Dylan e Leandro foram os protagonistas de um novo momento de tens\u00e3o no Secret Story, quando Dylan\u00a0<a href=\"https:\/\/tvi.iol.pt\/secretstory\/videos\/a-arder-dylan-justifica-as-palavras-dirigidas-a-leandro-saio-por-aquela-porta\/68f944ee0cf29d28d8297e77\" rel=\"nofollow noopener\" target=\"_blank\">foi confrontado com as palavras pol\u00e9micas que disse a Leandro e teve de as justificar.\u00a0<\/a><\/p>\n<p>\u00abO que \u00e9 que quis dizer quando chamou \u2018panasco\u2019 ao Leandro?\u00bb, questionou a Voz. \u00abEu disse \u2018cara de panasco\u2019, para mim era como ele estava ali de boca aberta a olhar para n\u00f3s\u00bb, respondeu. Cristina Ferreira interveio: \u00abO que \u00e9 que quer dizer \u2018panasco\u2019?\u00bb e Dylan reagiu: \u00abA meu ver \u00e9 tipo um tot\u00f3\u00bb.<\/p>\n<p>Muitos dos colegas n\u00e3o acreditaram, com Marisa a deixar claro o que pensa ter sido a inten\u00e7\u00e3o de Dylan:\u00a0\u00abNa minha terra quer dizer que isso \u00e9 um gay\u00bb. Dylan negou, mas afinal, o que significa a express\u00e3o usada por ele? O ex-concorrente R\u00faben Boa Nova recorreu \u00e0 plataforma de Intelig\u00eancia Artificial &#8216;chatGPT&#8217; para responder.\u00a0<\/p>\n<p><img loading=\"lazy\" decoding=\"async\" alt=\"\" height=\"908\" src=\"https:\/\/www.europesays.com\/pt\/wp-content\/uploads\/2025\/10\/68fa0122d34e58bc67973769.webp\" width=\"500\"\/><\/p>\n<p>\u00abSignificado em contexto local &#8211; cara de panasco quer dizer que tem um ar de parvo, simpl\u00f3rio, desajeitado. N\u00e3o \u00e9 necessariamente uma ofensa pesada, \u00e9 mais um coment\u00e1rio goz\u00e3o, de brincadeira\u00bb, l\u00ea-se.\u00a0<\/p>\n<p>Na plataforma, \u00e9 poss\u00edvel ainda ler: \u00abEm Viana do Castelo e arredores &#8211; \u00abpanasco \u00e9 um termo regional\u00bb para \u00abdescrever pessoas consideradas r\u00fasticas, ing\u00e9nuas, desengon\u00e7adas. Assim &#8216;cara de panasco&#8217; signfica literalmente cara de tonto, cara de quem n\u00e3o percebe nada\u00bb.\u00a0<\/p>\n","protected":false},"excerpt":{"rendered":"Dylan e Leandro foram os protagonistas de um novo momento de tens\u00e3o no Secret Story, quando Dylan\u00a0foi confrontado&hellip;\n","protected":false},"author":2,"featured_media":123354,"comment_status":"","ping_status":"","sticky":false,"template":"","format":"standard","meta":{"footnotes":""},"categories":[145],"tags":[8113,2632,211,210,329,333,328,335,336,19105,114,115,334,330,1326,338,19019,13,32,33,1315,8174,162,19020,227],"class_list":{"0":"post-123353","1":"post","2":"type-post","3":"status-publish","4":"format-standard","5":"has-post-thumbnail","7":"category-celebridades","8":"tag-alice-alves","9":"tag-casa-dos-segredos","10":"tag-celebridades","11":"tag-celebrities","12":"tag-claudio-ramos","13":"tag-comentadores","14":"tag-concorrentes","15":"tag-confrontos","16":"tag-discussoes","17":"tag-dylan","18":"tag-entertainment","19":"tag-entretenimento","20":"tag-exclusivos","21":"tag-gala","22":"tag-mafalda-castro","23":"tag-maria-botelho-moniz","24":"tag-marta-cardoso","25":"tag-noticias","26":"tag-portugal","27":"tag-pt","28":"tag-secret-story","29":"tag-segredos","30":"tag-tvi","31":"tag-video-do-dia","32":"tag-videos"},"share_on_mastodon":{"url":"https:\/\/pubeurope.com\/@pt\/115424483469644033","error":""},"_links":{"self":[{"href":"https:\/\/www.europesays.com\/pt\/wp-json\/wp\/v2\/posts\/123353","targetHints":{"allow":["GET"]}}],"collection":[{"href":"https:\/\/www.europesays.com\/pt\/wp-json\/wp\/v2\/posts"}],"about":[{"href":"https:\/\/www.europesays.com\/pt\/wp-json\/wp\/v2\/types\/post"}],"author":[{"embeddable":true,"href":"https:\/\/www.europesays.com\/pt\/wp-json\/wp\/v2\/users\/2"}],"replies":[{"embeddable":true,"href":"https:\/\/www.europesays.com\/pt\/wp-json\/wp\/v2\/comments?post=123353"}],"version-history":[{"count":0,"href":"https:\/\/www.europesays.com\/pt\/wp-json\/wp\/v2\/posts\/123353\/revisions"}],"wp:featuredmedia":[{"embeddable":true,"href":"https:\/\/www.europesays.com\/pt\/wp-json\/wp\/v2\/media\/123354"}],"wp:attachment":[{"href":"https:\/\/www.europesays.com\/pt\/wp-json\/wp\/v2\/media?parent=123353"}],"wp:term":[{"taxonomy":"category","embeddable":true,"href":"https:\/\/www.europesays.com\/pt\/wp-json\/wp\/v2\/categories?post=123353"},{"taxonomy":"post_tag","embeddable":true,"href":"https:\/\/www.europesays.com\/pt\/wp-json\/wp\/v2\/tags?post=123353"}],"curies":[{"name":"wp","href":"https:\/\/api.w.org\/{rel}","templated":true}]}}