{"id":123372,"date":"2025-10-23T16:58:08","date_gmt":"2025-10-23T16:58:08","guid":{"rendered":"https:\/\/www.europesays.com\/pt\/123372\/"},"modified":"2025-10-23T16:58:08","modified_gmt":"2025-10-23T16:58:08","slug":"ansiedade-e-surpresa-ladroes-do-louvre-apanhados-em-video-durante-a-fuga","status":"publish","type":"post","link":"https:\/\/www.europesays.com\/pt\/123372\/","title":{"rendered":"Ansiedade e surpresa. Ladr\u00f5es do Louvre apanhados em v\u00eddeo durante a fuga"},"content":{"rendered":"<p>Um novo v\u00eddeo mostra dois assaltantes a escaparem do Louvre por uma autoescada instalada na traseira de um cami\u00e3o, estacionado ao lado de uma das entradas do edif\u00edcio. Durante os primeiros segundos, \u00e9 evidente a perplexidade do autor das imagens, enquanto os suspeitos descem, visivelmente agitados. O momento de tens\u00e3o intensifica-se quando, instantes depois, os alarmes do museu come\u00e7am a soar, ap\u00f3s a dete\u00e7\u00e3o do roubo pelo sistema de seguran\u00e7a.<\/p>\n","protected":false},"excerpt":{"rendered":"Um novo v\u00eddeo mostra dois assaltantes a escaparem do Louvre por uma autoescada instalada na traseira de um&hellip;\n","protected":false},"author":2,"featured_media":123373,"comment_status":"","ping_status":"","sticky":false,"template":"","format":"standard","meta":{"footnotes":""},"categories":[50],"tags":[2446,27,28,15,16,14,3300,24924,25,26,21,22,62,12926,12,13,19,20,23,24,17,18,29,30,31,63,64,65],"class_list":{"0":"post-123372","1":"post","2":"type-post","3":"status-publish","4":"format-standard","5":"has-post-thumbnail","7":"category-mundo","8":"tag-assalto","9":"tag-breaking-news","10":"tag-breakingnews","11":"tag-featured-news","12":"tag-featurednews","13":"tag-headlines","14":"tag-joias","15":"tag-ladroes","16":"tag-latest-news","17":"tag-latestnews","18":"tag-main-news","19":"tag-mainnews","20":"tag-mundo","21":"tag-museu-do-louvre","22":"tag-news","23":"tag-noticias","24":"tag-noticias-principais","25":"tag-noticiasprincipais","26":"tag-principais-noticias","27":"tag-principaisnoticias","28":"tag-top-stories","29":"tag-topstories","30":"tag-ultimas","31":"tag-ultimas-noticias","32":"tag-ultimasnoticias","33":"tag-world","34":"tag-world-news","35":"tag-worldnews"},"share_on_mastodon":{"url":"","error":""},"_links":{"self":[{"href":"https:\/\/www.europesays.com\/pt\/wp-json\/wp\/v2\/posts\/123372","targetHints":{"allow":["GET"]}}],"collection":[{"href":"https:\/\/www.europesays.com\/pt\/wp-json\/wp\/v2\/posts"}],"about":[{"href":"https:\/\/www.europesays.com\/pt\/wp-json\/wp\/v2\/types\/post"}],"author":[{"embeddable":true,"href":"https:\/\/www.europesays.com\/pt\/wp-json\/wp\/v2\/users\/2"}],"replies":[{"embeddable":true,"href":"https:\/\/www.europesays.com\/pt\/wp-json\/wp\/v2\/comments?post=123372"}],"version-history":[{"count":0,"href":"https:\/\/www.europesays.com\/pt\/wp-json\/wp\/v2\/posts\/123372\/revisions"}],"wp:featuredmedia":[{"embeddable":true,"href":"https:\/\/www.europesays.com\/pt\/wp-json\/wp\/v2\/media\/123373"}],"wp:attachment":[{"href":"https:\/\/www.europesays.com\/pt\/wp-json\/wp\/v2\/media?parent=123372"}],"wp:term":[{"taxonomy":"category","embeddable":true,"href":"https:\/\/www.europesays.com\/pt\/wp-json\/wp\/v2\/categories?post=123372"},{"taxonomy":"post_tag","embeddable":true,"href":"https:\/\/www.europesays.com\/pt\/wp-json\/wp\/v2\/tags?post=123372"}],"curies":[{"name":"wp","href":"https:\/\/api.w.org\/{rel}","templated":true}]}}