{"id":123374,"date":"2025-10-23T17:00:42","date_gmt":"2025-10-23T17:00:42","guid":{"rendered":"https:\/\/www.europesays.com\/pt\/123374\/"},"modified":"2025-10-23T17:00:42","modified_gmt":"2025-10-23T17:00:42","slug":"novas-regras-para-a-carta-de-conducao-na-uniao-europeia-o-que-muda-afinal","status":"publish","type":"post","link":"https:\/\/www.europesays.com\/pt\/123374\/","title":{"rendered":"Novas regras para a carta de condu\u00e7\u00e3o na Uni\u00e3o Europeia: o que muda afinal?"},"content":{"rendered":"<p>O Parlamento Europeu aprovou uma revis\u00e3o das regras das cartas de condu\u00e7\u00e3o e h\u00e1 v\u00e1rias novidades que v\u00e3o afetar todos os condutores, dos rec\u00e9m-encartados aos mais experientes. As medidas, aprovadas pelos eurodeputados e noticiadas pela RTP, t\u00eam como objetivo tornar as estradas mais seguras e reduzir os quase 20 mil acidentes mortais que acontecem todos os anos na Uni\u00e3o Europeia.\n<\/p>\n<p><strong>Carta de condu\u00e7\u00e3o digital<br \/>\n\t<\/strong>\n<\/p>\n<p>Vem a\u00ed a carta de condu\u00e7\u00e3o digital, que vai ter o mesmo valor legal que a vers\u00e3o f\u00edsica. Ou seja, poder\u00e1s ter a tua carta no telem\u00f3vel, pr\u00e1tica e v\u00e1lida em toda a Europa.\n<\/p>\n<p><strong>Validade e exames m\u00e9dicos<br \/>\n\t<\/strong>\n<\/p>\n<p>As novas cartas de condu\u00e7\u00e3o v\u00e3o ter validade de 15 anos para carros e motas, e de 5 anos para cami\u00f5es e autocarros. Os pa\u00edses podem reduzir o prazo para condutores com 65 anos ou mais, garantindo exames m\u00e9dicos mais frequentes.\n<\/p>\n<p>Al\u00e9m disso, quem renovar ou tirar carta pela primeira vez ter\u00e1 de fazer testes m\u00e9dicos obrigat\u00f3rios, incluindo vis\u00e3o e sa\u00fade cardiovascular.\n<\/p>\n<p><strong>Inibi\u00e7\u00e3o de conduzir em toda a UE<br \/>\n\t<\/strong>\n<\/p>\n<p>Acabou o &#8220;escapar&#8221; \u00e0s multas ou proibi\u00e7\u00f5es noutros pa\u00edses. A partir de agora, se fores inibido de conduzir num Estado-membro, essa decis\u00e3o ser\u00e1 v\u00e1lida em toda a Uni\u00e3o Europeia.\n<\/p>\n<p>As san\u00e7\u00f5es v\u00e3o aplicar-se especialmente a infra\u00e7\u00f5es graves, como conduzir alcoolizado, em excesso de velocidade (mais de 50 km\/h acima do limite) ou envolvimento em acidentes mortais.\n<\/p>\n<p><strong>Forma\u00e7\u00e3o mais completa<br \/>\n\t<\/strong>\n<\/p>\n<p>O exame de condu\u00e7\u00e3o tamb\u00e9m vai mudar. Vai incluir novos temas, como: riscos de \u00e2ngulo morto; uso correto dos sistemas de assist\u00eancia ao condutor; como abrir as portas em seguran\u00e7a; e os perigos de usar o telem\u00f3vel ao volante.\n<\/p>\n<p>Tudo isto para aumentar a sensibiliza\u00e7\u00e3o em rela\u00e7\u00e3o a pe\u00f5es, ciclistas e outros utilizadores vulner\u00e1veis da estrada.\n<\/p>\n<p><strong>Jovens e novos condutores<br \/>\n\t<\/strong>\n<\/p>\n<p>Pela primeira vez, a Uni\u00e3o Europeia vai impor um per\u00edodo probat\u00f3rio m\u00ednimo de dois anos para quem acabou de tirar a carta.\n<\/p>\n<p>Durante esse tempo, as regras ser\u00e3o mais rigorosas, especialmente no consumo de \u00e1lcool e na utiliza\u00e7\u00e3o do cinto de seguran\u00e7a.\n<\/p>\n<p>E h\u00e1 mais: jovens de 17 anos poder\u00e3o tirar carta de ligeiros, mas s\u00f3 podem conduzir acompanhados por um adulto experiente at\u00e9 fazerem 18.\n<\/p>\n<p><strong>Condutores profissionais<br \/>\n\t<\/strong>\n<\/p>\n<p>Para tentar combater a falta de motoristas profissionais, as novas regras permitem tirar carta de cami\u00f5es aos 18 anos e de autocarros aos 21, desde que haja certificado de aptid\u00e3o profissional.<\/p>\n","protected":false},"excerpt":{"rendered":"O Parlamento Europeu aprovou uma revis\u00e3o das regras das cartas de condu\u00e7\u00e3o e h\u00e1 v\u00e1rias novidades que v\u00e3o&hellip;\n","protected":false},"author":2,"featured_media":123375,"comment_status":"","ping_status":"","sticky":false,"template":"","format":"standard","meta":{"footnotes":""},"categories":[8],"tags":[783,778,779,774,27,28,764,769,767,772,782,15,16,784,14,222,771,25,26,773,21,22,149,12,768,13,19,20,777,32,23,24,33,766,781,765,763,775,780,776,770,17,18,29,30,31],"class_list":{"0":"post-123374","1":"post","2":"type-post","3":"status-publish","4":"format-standard","5":"has-post-thumbnail","7":"category-principais-noticias","8":"tag-6pm","9":"tag-80s-rfm","10":"tag-80srfm","11":"tag-90s","12":"tag-breaking-news","13":"tag-breakingnews","14":"tag-bruno-mars","15":"tag-cafe-da-manha","16":"tag-comedia","17":"tag-dance-it","18":"tag-emissao-online","19":"tag-featured-news","20":"tag-featurednews","21":"tag-fridayboyz","22":"tag-headlines","23":"tag-humor","24":"tag-jazzy","25":"tag-latest-news","26":"tag-latestnews","27":"tag-latinas","28":"tag-main-news","29":"tag-mainnews","30":"tag-music","31":"tag-news","32":"tag-nilton","33":"tag-noticias","34":"tag-noticias-principais","35":"tag-noticiasprincipais","36":"tag-oceano-pacifico","37":"tag-portugal","38":"tag-principais-noticias","39":"tag-principaisnoticias","40":"tag-pt","41":"tag-radio","42":"tag-radio-online","43":"tag-rfm","44":"tag-rock-in-rio","45":"tag-rocks","46":"tag-somnii","47":"tag-toca-portugal","48":"tag-top-25","49":"tag-top-stories","50":"tag-topstories","51":"tag-ultimas","52":"tag-ultimas-noticias","53":"tag-ultimasnoticias"},"share_on_mastodon":{"url":"","error":"Validation failed: Text character limit of 500 exceeded"},"_links":{"self":[{"href":"https:\/\/www.europesays.com\/pt\/wp-json\/wp\/v2\/posts\/123374","targetHints":{"allow":["GET"]}}],"collection":[{"href":"https:\/\/www.europesays.com\/pt\/wp-json\/wp\/v2\/posts"}],"about":[{"href":"https:\/\/www.europesays.com\/pt\/wp-json\/wp\/v2\/types\/post"}],"author":[{"embeddable":true,"href":"https:\/\/www.europesays.com\/pt\/wp-json\/wp\/v2\/users\/2"}],"replies":[{"embeddable":true,"href":"https:\/\/www.europesays.com\/pt\/wp-json\/wp\/v2\/comments?post=123374"}],"version-history":[{"count":0,"href":"https:\/\/www.europesays.com\/pt\/wp-json\/wp\/v2\/posts\/123374\/revisions"}],"wp:featuredmedia":[{"embeddable":true,"href":"https:\/\/www.europesays.com\/pt\/wp-json\/wp\/v2\/media\/123375"}],"wp:attachment":[{"href":"https:\/\/www.europesays.com\/pt\/wp-json\/wp\/v2\/media?parent=123374"}],"wp:term":[{"taxonomy":"category","embeddable":true,"href":"https:\/\/www.europesays.com\/pt\/wp-json\/wp\/v2\/categories?post=123374"},{"taxonomy":"post_tag","embeddable":true,"href":"https:\/\/www.europesays.com\/pt\/wp-json\/wp\/v2\/tags?post=123374"}],"curies":[{"name":"wp","href":"https:\/\/api.w.org\/{rel}","templated":true}]}}